
{"id":14893,"date":"2025-10-08T15:38:25","date_gmt":"2025-10-08T14:38:25","guid":{"rendered":"https:\/\/www.electoralcommission.ie\/uncategorized-ga\/failtionn-feachtas-claruchain-thoghchan-an-uachtarain-roimh-an-mbreis-agus-91000-iarratas-ar-votalai-nua-nuashonraithe\/"},"modified":"2025-10-16T16:26:37","modified_gmt":"2025-10-16T15:26:37","slug":"failtionn-feachtas-claruchain-thoghchan-an-uachtarain-roimh-an-mbreis-agus-91000-iarratas-ar-votalai-nua-nuashonraithe","status":"publish","type":"post","link":"https:\/\/www.electoralcommission.ie\/ga\/nuacht-is-deanai-agus-taighde\/failtionn-feachtas-claruchain-thoghchan-an-uachtarain-roimh-an-mbreis-agus-91000-iarratas-ar-votalai-nua-nuashonraithe\/","title":{"rendered":"F\u00e1ilt\u00edonn Feachtas Cl\u00e1r\u00fach\u00e1in Thoghch\u00e1n an Uachtar\u00e1in roimh an mbreis agus 91,000 Iarratas ar V\u00f3t\u00e1la\u00ed Nua &#038; Nuashonraithe"},"content":{"rendered":"\n<p><strong>T\u00e1 Acmhainn\u00ed ag V\u00f3t\u00e1laithe Nua &amp; Reatha chun Tac\u00fa Leo V\u00f3t\u00e1il D\u00e9 hAoine, 24 Deireadh F\u00f3mhair<\/strong><\/p>\n\n<p><strong>8 Deireadh F\u00f3mhair 2025<\/strong> \u2013 D\u2019fh\u00e1iltigh an Coimisi\u00fan Toghch\u00e1in, coimisi\u00fan neamhsple\u00e1ch toghch\u00e1in na h\u00c9ireann, roimh an mborradh suntasach de 91,157 iarratas \u00f3 dhaoine le dul ar chl\u00e1r na dtoghth\u00f3ir\u00ed agus a gcuid sonra\u00ed a thabhairt cothrom le d\u00e1ta le go gcaithfidh siad v\u00f3ta i dToghch\u00e1n an Uachtar\u00e1in ar an 24 Deireadh F\u00f3mhair.<\/p>\n\n<p>Fuarthas 60,733 iarratas \u00f3 v\u00f3t\u00e1laithe nua tr\u00ed na su\u00edomhanna gr\u00e9as\u00e1in CheckTheRegister.ie agus Voter.ie \u00f3 cuireadh t\u00fas le feachtas cl\u00e1r\u00fach\u00e1in v\u00f3t\u00e1laithe an Choimisi\u00fain Toghch\u00e1in ag Electric Picnic ar an 28 L\u00fanasa, agus fuarthas 30,424 iarratas eile chun cl\u00e1r\u00fach\u00e1in reatha daoine a thabhairt cothrom le d\u00e1ta ar na su\u00edomhanna sin sa tr\u00e9imhse ch\u00e9anna \u00f3n 28 L\u00fanasa.<\/p>\n\n<p>Dh\u00fan an spriocdh\u00e1ta le cl\u00e1r\u00fa le v\u00f3t\u00e1il i dToghch\u00e1n an Uachtar\u00e1in in 2025 ag me\u00e1n o\u00edche ar\u00e9ir (7 Deireadh F\u00f3mhair). Fuarthas 26,335 iarratas sa d\u00e1 l\u00e1 roimh an spriocdh\u00e1ta chun cl\u00e1r\u00fa n\u00f3 sonra\u00ed a thabhairt cothrom le d\u00e1ta.<\/p>\n\n<p>I measc fheidhmeanna an Choimisi\u00fain Toghch\u00e1in, coimisi\u00fan neamhsple\u00e1ch toghch\u00e1in na h\u00c9ireann, t\u00e1 de dhualgas air feasacht a mh\u00e9ad\u00fa ar thoghch\u00e1in na h\u00c9ireann agus l\u00edon na ndaoine a chl\u00e1ra\u00edonn agus a chaitheann v\u00f3ta a mh\u00e9ad\u00fa tr\u00ed fheachtais oideachais agus eolais. <\/p>\n\n<p>\u00d3 mh\u00ed L\u00fanasa, bhuail an Coimisi\u00fan leis na m\u00edlte daoine ag Electric Picnic, ag an gCom\u00f3rtas N\u00e1isi\u00fanta Treabhd\u00f3ireachta, ag cruinnithe poibl\u00ed, i scoileanna, ar sheimine\u00e1ir ghr\u00e9as\u00e1in agus ar champais oideachais tr\u00ed\u00fa leibh\u00e9al ar fud na t\u00edre mar chuid d\u00e1 fheachtas cl\u00e1r\u00fach\u00e1in v\u00f3t\u00e1laithe. Thug na himeachta\u00ed sin, i dteannta obair fhoirne toghch\u00f3rais na n-\u00fadar\u00e1s \u00e1iti\u00fail, deiseanna chun ceisteanna a fhreagairt go d\u00edreach, feasacht a mh\u00fascailt ar spriocdh\u00e1ta\u00ed, agus tac\u00fa le v\u00f3t\u00e1laithe c\u00e9aduaire agus n\u00edos \u00f3ige chun a gcuid sonra\u00ed a sheice\u00e1il ar checktheregister.ie. <\/p>\n\n<p>Chuir an Coimisi\u00fan uirlis\u00ed ar f\u00e1il do v\u00f3t\u00e1laithe nuachl\u00e1raithe agus reatha roimh an toghch\u00e1n, ina measc:<\/p>\n\n<ul class=\"wp-block-list\">\n<li>F\u00edse\u00e1n ina m\u00edn\u00edtear <a href=\"https:\/\/www.electoralcommission.ie\/ga\/conas-vota-a-chaitheamh\/\">\u2018Conas V\u00f3ta a Chaitheamh\u2019<\/a><\/li>\n\n\n\n<li><a href=\"https:\/\/www.electoralcommission.ie\/app\/uploads\/2025\/08\/ETR-PresidentialElection__GA-V2-tagged.pdf\">Treoracha \u00c9asca le L\u00e9amh<\/a> faoi Thoghch\u00e1n an Uachtar\u00e1in<\/li>\n<\/ul>\n\n<p>Agus t\u00e1 an Coimisi\u00fan ag freagairt <a href=\"https:\/\/www.electoralcommission.ie\/ga\/ceisteanna-coitianta-ccanna\/\">Ceisteanna Coitianta<\/a> faoi na gn\u00e9ithe ar fad de thoghch\u00e1n an Uachtar\u00e1in agus faoi v\u00f3ta a chaitheamh ar \u00e1r su\u00edomh gr\u00e9as\u00e1in.<\/p>\n\n<p>D\u00fairt Art O\u2019Leary, Pr\u00edomhfheidhmeannach an Choimisi\u00fain Toghch\u00e1in: <\/p>\n\n<p><em>\u201cF\u00e1ilt\u00edmid roimh na v\u00f3t\u00e1laithe nua ar fad agus gabhaimid bu\u00edochas leo as am a th\u00f3g\u00e1il chun cl\u00e1r\u00fa le v\u00f3t\u00e1il n\u00f3 sonra\u00ed cl\u00e1r\u00fach\u00e1in a thabhairt cothrom le d\u00e1ta. Cabhra\u00edonn eolas nuashonraithe, uimhreacha PSP daoine agus \u00c9irch\u00f3id ina measc, le cruinneas fhorioml\u00e1n chl\u00e1ir na dtoghth\u00f3ir\u00ed in \u00c9irinn a fheabhs\u00fa. <\/em><\/p>\n\n<p><em>\u201cSibhse at\u00e1 chun v\u00f3ta a chaitheamh den ch\u00e9ad uair D\u00e9 hAoine, 24 Deireadh F\u00f3mhair, cabhr\u00f3idh bhur nguth le todhcha\u00ed na h\u00c9ireann a mh\u00fanl\u00fa agus t\u00fas a bheidh anseo, t\u00e1 s\u00fail agam, le saol fada ag d\u00e9anamh difr\u00edochta.<\/em><\/p>\n\n<p><em>\u201c\u00d3n Electric Picnic go dt\u00ed an Com\u00f3rtas N\u00e1isi\u00fanta Treabhd\u00f3ireachta go campais chol\u00e1iste, halla\u00ed scoile, seimine\u00e1ir ghr\u00e9as\u00e1in agus cruinnithe poibl\u00ed, t\u00e1imid ag taisteal ar fud na t\u00edre le s\u00e9 seachtaine anuas agus ag labhairt leis na m\u00edlte daoine faoi chl\u00e1r\u00fa agus a v\u00f3ta a \u00fas\u00e1id. <\/em><\/p>\n\n<p><em>Ba cheart aitheantas m\u00f3r a thabhairt do na foirne toghch\u00f3rais ar fud chomhairl\u00ed cathrach agus contae na h\u00c9ireann at\u00e1 ag obair gan stad gan staonadh chun an cl\u00e1r a thabhairt cothrom le d\u00e1ta leis na daoine nua sin ar fad roimh an toghch\u00e1n.\u201d <\/em><\/p>\n\n<p><strong>\u2013 CR\u00cdOCH \u2013<\/strong><\/p>\n\n<p><strong>Chun tuilleadh eolais a fh\u00e1il, t\u00e9igh i dteagmh\u00e1il le:<\/strong><\/p>\n\n<p>Brian Dawson, Bainisteoir Cumars\u00e1ide agus Rannph\u00e1irteachas an Phobail, <\/p>\n\n<p>An Coimisi\u00fan Toghch\u00e1in,<\/p>\n\n<p>086 0749344\u00a0<a href=\"mailto:Brian.dawson@electoralcommission.ie\">Brian.dawson@electoralcommission.ie<\/a><\/p>\n\n<p>N\u00f3ta d\u2019Eagarth\u00f3ir\u00ed:<\/p>\n\n<p>Tagann na figi\u00fair\u00ed thuasluaite \u00f3 na figi\u00fair\u00ed iarratas ar na su\u00edomhanna gr\u00e9as\u00e1in CheckTheRegister.ie agus Voter.ie \u00f3n 28 L\u00fanasa 2025 go dt\u00ed an spriocdh\u00e1ta cl\u00e1r\u00fach\u00e1in ar an 7 Deireadh F\u00f3mhair 2025. N\u00edl iarratais a rinneadh sa phost n\u00f3 go pearsanta leis na h\u00fadar\u00e1is \u00e1iti\u00fala ina measc.  <\/p>\n\n<p>Thug an Roinn Tith\u00edochta, Rialtais \u00c1iti\u00fail agus Oidhreachta na figi\u00fair\u00ed \u00f3n 1 I\u00fail go dt\u00ed an 7 Deireadh F\u00f3mhair don Choimisi\u00fan Toghch\u00e1in, agus miondeala\u00edtear iad de r\u00e9ir m\u00edosa sa t\u00e1bla anseo th\u00edos:<\/p>\n\n<figure class=\"wp-block-table\"><table class=\"has-fixed-layout\"><tbody><tr><td><strong>M\u00ed 2025<\/strong><\/td><td><strong>Cl\u00e1r\u00fa V\u00f3t\u00e1laithe Nua<\/strong><\/td><td><strong>Cl\u00e1r\u00fa Nuashonraithe<\/strong><\/td><td><strong>Ioml\u00e1n le ch\u00e9ile<\/strong><\/td><\/tr><tr><td><strong>I\u00fail <\/strong><\/td><td>2687<\/td><td>4272<\/td><td>6959<\/td><\/tr><tr><td><strong>L\u00fanasa<\/strong><\/td><td>3596<\/td><td>3136<\/td><td>6732<\/td><\/tr><tr><td><strong>Me\u00e1n F\u00f3mhair<\/strong><\/td><td>29339<\/td><td>16421<\/td><td>45760<\/td><\/tr><tr><td><strong>Deireadh F\u00f3mhair (go 7 DF)<\/strong><\/td><td>30742<\/td><td>13606<\/td><td>44348<\/td><\/tr><\/tbody><\/table><\/figure>\n\n<p><strong>An Coimisi\u00fan Toghch\u00e1in<\/strong><\/p>\n\n<p>Is comhlacht reacht\u00fail neamhsple\u00e1ch \u00e9 an Coimisi\u00fan Toghch\u00e1in a buna\u00edodh an 9 Feabhra 2023 ag a bhfuil freagracht as raon leathan d\u2019fheidhmeanna toghch\u00e1in a leagtar amach san <em>Acht um Athch\u00f3iri\u00fa Toghch\u00e1in, 2022<\/em>. T\u00e1 an Coimisi\u00fan l\u00e1rnach do ch\u00f3ras toghch\u00e1in na h\u00c9ireann, agus tugann s\u00e9 faoi raon feidhmeanna toghch\u00e1in at\u00e1 ann cheana f\u00e9in agus cinn nua, ina measc:<\/p>\n\n<ul class=\"wp-block-list\">\n<li>freagracht as p\u00e1irtithe polait\u00edochta a chl\u00e1r\u00fa;<\/li>\n\n\n\n<li>tuiscint an phobail a chur chun cinn ar phr\u00f3isis thoghch\u00e1in agus daonlathacha an St\u00e1it, agus obair a dh\u00e9anamh chun a rannph\u00e1irteachas iontu a mh\u00e9ad\u00fa, tr\u00ed chl\u00e1ir oideachais agus faisn\u00e9ise;<\/li>\n\n\n\n<li>maoirseacht a dh\u00e9anamh ar an gCl\u00e1r Toghch\u00e1in nuach\u00f3irithe, molta\u00ed a dh\u00e9anamh agus caighde\u00e1in a leagan s\u00edos maidir lena choime\u00e1d agus lena nuashonr\u00fa;<\/li>\n\n\n\n<li>f\u00f3gra\u00edocht pholaiti\u00fail ar l\u00edne a n-\u00edoctar aisti a rial\u00fa, ag cinnti\u00fa tr\u00e9dhearcachta maidir le f\u00f3gra\u00ed polaiti\u00fala ar l\u00edne i rith tr\u00e9imhse feachtais toghch\u00e1in n\u00f3 reifrinn; (N\u00edor cuireadh t\u00fas leis an reachta\u00edocht go f\u00f3ill); agus<\/li>\n\n\n\n<li>f\u00f3gra\u00edocht pholaiti\u00fail ar l\u00edne a n-\u00edoctar aisti a rial\u00fa, ag cinnti\u00fa tr\u00e9dhearcachta maidir le f\u00f3gra\u00ed polaiti\u00fala ar l\u00edne i rith tr\u00e9imhse feachtais toghch\u00e1in n\u00f3 reifrinn; (N\u00edor cuireadh t\u00fas leis an reachta\u00edocht go f\u00f3ill); agus<\/li>\n\n\n\n<li>tuarasc\u00e1lacha a chur i dtoll a ch\u00e9ile don Aire maidir le teorainneacha toghch\u00e1in \u00e1iti\u00fail;<\/li>\n\n\n\n<li>cl\u00e1ir taighde a ullmh\u00fa agus taighde a dh\u00e9anamh ar bheartas agus n\u00f3s imeachta toghch\u00e1in, agus comhairle a thabhairt, de r\u00e9ir mar is g\u00e1, don Aire agus don Rialtas;<\/li>\n\n\n\n<li>tuarasc\u00e1lacha ex post a ullmh\u00fa ar riar imeachta\u00ed toghch\u00e1in;<\/li>\n\n\n\n<li>\u2022 an chinnteoireacht, maoirseacht, r\u00fana\u00edocht agus seirbh\u00eds\u00ed taca\u00edochta a bhaineann le h\u00e1bhar mholta\u00ed an reifrinn a mh\u00edni\u00fa, tuiscint an phobail a chur chun cinn maidir leis an reifreann agus na toghth\u00f3ir\u00ed a spreagadh chun v\u00f3t\u00e1il i v\u00f3ta an reifrinn<\/li>\n\n\n\n<li>athbhreithnithe a dh\u00e9anamh agus tuarasc\u00e1lacha a thabhairt i nd\u00e1il leis na d\u00e1ilcheantair is na toghcheantair, chun Teachta\u00ed D\u00e1la a thoghadh chun na D\u00e1la agus i nd\u00e1il le toghadh feisir\u00ed do Pharlaimint na hEorpa.<\/li>\n<\/ul>\n\n<p>T\u00e1thar ag s\u00fail go gcuirfear leis an tsraith tosaigh feidhmeanna a sannadh don Choimisi\u00fan, de r\u00e9ir mar a chuireann s\u00e9 lena chumas agus lena shaineolas.<\/p>\n","protected":false},"excerpt":{"rendered":"<p>T\u00e1 Acmhainn\u00ed ag V\u00f3t\u00e1laithe Nua &amp; Reatha chun Tac\u00fa Leo V\u00f3t\u00e1il D\u00e9 hAoine, 24 Deireadh F\u00f3mhair 8 Deireadh F\u00f3mhair 2025 \u2013 D\u2019fh\u00e1iltigh an Coimisi\u00fan Toghch\u00e1in, coimisi\u00fan neamhsple\u00e1ch toghch\u00e1in na h\u00c9ireann, roimh an mborradh suntasach de 91,157 iarratas \u00f3 dhaoine le dul ar chl\u00e1r na dtoghth\u00f3ir\u00ed agus a gcuid sonra\u00ed a thabhairt cothrom le d\u00e1ta le &hellip; <a href=\"https:\/\/www.electoralcommission.ie\/ga\/nuacht-is-deanai-agus-taighde\/failtionn-feachtas-claruchain-thoghchan-an-uachtarain-roimh-an-mbreis-agus-91000-iarratas-ar-votalai-nua-nuashonraithe\/\">Continued<\/a><\/p>\n","protected":false},"author":20,"featured_media":11186,"comment_status":"open","ping_status":"open","sticky":false,"template":"","format":"standard","meta":{"_acf_changed":false,"_relevanssi_hide_post":"","_relevanssi_hide_content":"","_relevanssi_pin_for_all":"","_relevanssi_pin_keywords":"","_relevanssi_unpin_keywords":"","_relevanssi_related_keywords":"","_relevanssi_related_include_ids":"","_relevanssi_related_exclude_ids":"","_relevanssi_related_no_append":"","_relevanssi_related_not_related":"","_relevanssi_related_posts":"","_relevanssi_noindex_reason":"","_uag_custom_page_level_css":"","footnotes":""},"categories":[42,34],"tags":[],"class_list":["post-14893","post","type-post","status-publish","format-standard","has-post-thumbnail","hentry","category-eisiuinti-mean","category-nuacht-is-deanai-agus-taighde"],"acf":[],"yoast_head":"<!-- This site is optimized with the Yoast SEO plugin v27.4 - https:\/\/yoast.com\/product\/yoast-seo-wordpress\/ -->\n<title>F\u00e1ilt\u00edonn Feachtas Cl\u00e1r\u00fach\u00e1in Thoghch\u00e1n an Uachtar\u00e1in roimh an mbreis agus 91,000 Iarratas ar V\u00f3t\u00e1la\u00ed Nua &amp; Nuashonraithe - Coimisi\u00fan Toghch\u00e1in<\/title>\n<meta name=\"robots\" content=\"index, follow, max-snippet:-1, max-image-preview:large, max-video-preview:-1\" \/>\n<link rel=\"canonical\" href=\"https:\/\/www.electoralcommission.ie\/ga\/nuacht-is-deanai-agus-taighde\/failtionn-feachtas-claruchain-thoghchan-an-uachtarain-roimh-an-mbreis-agus-91000-iarratas-ar-votalai-nua-nuashonraithe\/\" \/>\n<meta property=\"og:locale\" content=\"ga_IE\" \/>\n<meta property=\"og:type\" content=\"article\" \/>\n<meta property=\"og:title\" content=\"F\u00e1ilt\u00edonn Feachtas Cl\u00e1r\u00fach\u00e1in Thoghch\u00e1n an Uachtar\u00e1in roimh an mbreis agus 91,000 Iarratas ar V\u00f3t\u00e1la\u00ed Nua &amp; Nuashonraithe - Coimisi\u00fan Toghch\u00e1in\" \/>\n<meta property=\"og:description\" content=\"T\u00e1 Acmhainn\u00ed ag V\u00f3t\u00e1laithe Nua &amp; Reatha chun Tac\u00fa Leo V\u00f3t\u00e1il D\u00e9 hAoine, 24 Deireadh F\u00f3mhair 8 Deireadh F\u00f3mhair 2025 \u2013 D\u2019fh\u00e1iltigh an Coimisi\u00fan Toghch\u00e1in, coimisi\u00fan neamhsple\u00e1ch toghch\u00e1in na h\u00c9ireann, roimh an mborradh suntasach de 91,157 iarratas \u00f3 dhaoine le dul ar chl\u00e1r na dtoghth\u00f3ir\u00ed agus a gcuid sonra\u00ed a thabhairt cothrom le d\u00e1ta le &hellip; Continued\" \/>\n<meta property=\"og:url\" content=\"https:\/\/www.electoralcommission.ie\/ga\/nuacht-is-deanai-agus-taighde\/failtionn-feachtas-claruchain-thoghchan-an-uachtarain-roimh-an-mbreis-agus-91000-iarratas-ar-votalai-nua-nuashonraithe\/\" \/>\n<meta property=\"og:site_name\" content=\"Coimisi\u00fan Toghch\u00e1in\" \/>\n<meta property=\"article:published_time\" content=\"2025-10-08T14:38:25+00:00\" \/>\n<meta property=\"article:modified_time\" content=\"2025-10-16T15:26:37+00:00\" \/>\n<meta property=\"og:image\" content=\"https:\/\/cdn.electoralcommission.ie\/app\/uploads\/2024\/09\/12160112\/News-template-.jpg\" \/>\n\t<meta property=\"og:image:width\" content=\"1920\" \/>\n\t<meta property=\"og:image:height\" content=\"1080\" \/>\n\t<meta property=\"og:image:type\" content=\"image\/jpeg\" \/>\n<meta name=\"author\" content=\"Annmarie Power\" \/>\n<meta name=\"twitter:card\" content=\"summary_large_image\" \/>\n<meta name=\"twitter:label1\" content=\"Written by\" \/>\n\t<meta name=\"twitter:data1\" content=\"Annmarie Power\" \/>\n\t<meta name=\"twitter:label2\" content=\"Est. reading time\" \/>\n\t<meta name=\"twitter:data2\" content=\"6 minutes\" \/>\n<script type=\"application\/ld+json\" class=\"yoast-schema-graph\">{\"@context\":\"https:\\\/\\\/schema.org\",\"@graph\":[{\"@type\":\"Article\",\"@id\":\"https:\\\/\\\/www.electoralcommission.ie\\\/ga\\\/nuacht-is-deanai-agus-taighde\\\/failtionn-feachtas-claruchain-thoghchan-an-uachtarain-roimh-an-mbreis-agus-91000-iarratas-ar-votalai-nua-nuashonraithe\\\/#article\",\"isPartOf\":{\"@id\":\"https:\\\/\\\/www.electoralcommission.ie\\\/ga\\\/nuacht-is-deanai-agus-taighde\\\/failtionn-feachtas-claruchain-thoghchan-an-uachtarain-roimh-an-mbreis-agus-91000-iarratas-ar-votalai-nua-nuashonraithe\\\/\"},\"author\":{\"name\":\"Annmarie Power\",\"@id\":\"https:\\\/\\\/www.electoralcommission.ie\\\/ga\\\/#\\\/schema\\\/person\\\/69036ea7980593d4d26a6c93cb5a05d1\"},\"headline\":\"F\u00e1ilt\u00edonn Feachtas Cl\u00e1r\u00fach\u00e1in Thoghch\u00e1n an Uachtar\u00e1in roimh an mbreis agus 91,000 Iarratas ar V\u00f3t\u00e1la\u00ed Nua &#038; Nuashonraithe\",\"datePublished\":\"2025-10-08T14:38:25+00:00\",\"dateModified\":\"2025-10-16T15:26:37+00:00\",\"mainEntityOfPage\":{\"@id\":\"https:\\\/\\\/www.electoralcommission.ie\\\/ga\\\/nuacht-is-deanai-agus-taighde\\\/failtionn-feachtas-claruchain-thoghchan-an-uachtarain-roimh-an-mbreis-agus-91000-iarratas-ar-votalai-nua-nuashonraithe\\\/\"},\"wordCount\":1293,\"commentCount\":0,\"image\":{\"@id\":\"https:\\\/\\\/www.electoralcommission.ie\\\/ga\\\/nuacht-is-deanai-agus-taighde\\\/failtionn-feachtas-claruchain-thoghchan-an-uachtarain-roimh-an-mbreis-agus-91000-iarratas-ar-votalai-nua-nuashonraithe\\\/#primaryimage\"},\"thumbnailUrl\":\"https:\\\/\\\/www.electoralcommission.ie\\\/app\\\/uploads\\\/2024\\\/09\\\/News-template-.jpg\",\"articleSection\":[\"Eisi\u00faint\u00ed Me\u00e1n\",\"Nuacht is D\u00e9ana\u00ed agus Taighde\"],\"inLanguage\":\"ga-IE\",\"potentialAction\":[{\"@type\":\"CommentAction\",\"name\":\"Comment\",\"target\":[\"https:\\\/\\\/www.electoralcommission.ie\\\/ga\\\/nuacht-is-deanai-agus-taighde\\\/failtionn-feachtas-claruchain-thoghchan-an-uachtarain-roimh-an-mbreis-agus-91000-iarratas-ar-votalai-nua-nuashonraithe\\\/#respond\"]}]},{\"@type\":\"WebPage\",\"@id\":\"https:\\\/\\\/www.electoralcommission.ie\\\/ga\\\/nuacht-is-deanai-agus-taighde\\\/failtionn-feachtas-claruchain-thoghchan-an-uachtarain-roimh-an-mbreis-agus-91000-iarratas-ar-votalai-nua-nuashonraithe\\\/\",\"url\":\"https:\\\/\\\/www.electoralcommission.ie\\\/ga\\\/nuacht-is-deanai-agus-taighde\\\/failtionn-feachtas-claruchain-thoghchan-an-uachtarain-roimh-an-mbreis-agus-91000-iarratas-ar-votalai-nua-nuashonraithe\\\/\",\"name\":\"F\u00e1ilt\u00edonn Feachtas Cl\u00e1r\u00fach\u00e1in Thoghch\u00e1n an Uachtar\u00e1in roimh an mbreis agus 91,000 Iarratas ar V\u00f3t\u00e1la\u00ed Nua & Nuashonraithe - Coimisi\u00fan Toghch\u00e1in\",\"isPartOf\":{\"@id\":\"https:\\\/\\\/www.electoralcommission.ie\\\/ga\\\/#website\"},\"primaryImageOfPage\":{\"@id\":\"https:\\\/\\\/www.electoralcommission.ie\\\/ga\\\/nuacht-is-deanai-agus-taighde\\\/failtionn-feachtas-claruchain-thoghchan-an-uachtarain-roimh-an-mbreis-agus-91000-iarratas-ar-votalai-nua-nuashonraithe\\\/#primaryimage\"},\"image\":{\"@id\":\"https:\\\/\\\/www.electoralcommission.ie\\\/ga\\\/nuacht-is-deanai-agus-taighde\\\/failtionn-feachtas-claruchain-thoghchan-an-uachtarain-roimh-an-mbreis-agus-91000-iarratas-ar-votalai-nua-nuashonraithe\\\/#primaryimage\"},\"thumbnailUrl\":\"https:\\\/\\\/www.electoralcommission.ie\\\/app\\\/uploads\\\/2024\\\/09\\\/News-template-.jpg\",\"datePublished\":\"2025-10-08T14:38:25+00:00\",\"dateModified\":\"2025-10-16T15:26:37+00:00\",\"author\":{\"@id\":\"https:\\\/\\\/www.electoralcommission.ie\\\/ga\\\/#\\\/schema\\\/person\\\/69036ea7980593d4d26a6c93cb5a05d1\"},\"breadcrumb\":{\"@id\":\"https:\\\/\\\/www.electoralcommission.ie\\\/ga\\\/nuacht-is-deanai-agus-taighde\\\/failtionn-feachtas-claruchain-thoghchan-an-uachtarain-roimh-an-mbreis-agus-91000-iarratas-ar-votalai-nua-nuashonraithe\\\/#breadcrumb\"},\"inLanguage\":\"ga-IE\",\"potentialAction\":[{\"@type\":\"ReadAction\",\"target\":[\"https:\\\/\\\/www.electoralcommission.ie\\\/ga\\\/nuacht-is-deanai-agus-taighde\\\/failtionn-feachtas-claruchain-thoghchan-an-uachtarain-roimh-an-mbreis-agus-91000-iarratas-ar-votalai-nua-nuashonraithe\\\/\"]}]},{\"@type\":\"ImageObject\",\"inLanguage\":\"ga-IE\",\"@id\":\"https:\\\/\\\/www.electoralcommission.ie\\\/ga\\\/nuacht-is-deanai-agus-taighde\\\/failtionn-feachtas-claruchain-thoghchan-an-uachtarain-roimh-an-mbreis-agus-91000-iarratas-ar-votalai-nua-nuashonraithe\\\/#primaryimage\",\"url\":\"https:\\\/\\\/www.electoralcommission.ie\\\/app\\\/uploads\\\/2024\\\/09\\\/News-template-.jpg\",\"contentUrl\":\"https:\\\/\\\/www.electoralcommission.ie\\\/app\\\/uploads\\\/2024\\\/09\\\/News-template-.jpg\",\"width\":1920,\"height\":1080,\"caption\":\"Blue background with An Coimisi\u00fan Toghch\u00e1in, the Electoral Commission logo\"},{\"@type\":\"BreadcrumbList\",\"@id\":\"https:\\\/\\\/www.electoralcommission.ie\\\/ga\\\/nuacht-is-deanai-agus-taighde\\\/failtionn-feachtas-claruchain-thoghchan-an-uachtarain-roimh-an-mbreis-agus-91000-iarratas-ar-votalai-nua-nuashonraithe\\\/#breadcrumb\",\"itemListElement\":[{\"@type\":\"ListItem\",\"position\":1,\"name\":\"Baile\",\"item\":\"https:\\\/\\\/www.electoralcommission.ie\\\/ga\\\/\"},{\"@type\":\"ListItem\",\"position\":2,\"name\":\"F\u00e1ilt\u00edonn Feachtas Cl\u00e1r\u00fach\u00e1in Thoghch\u00e1n an Uachtar\u00e1in roimh an mbreis agus 91,000 Iarratas ar V\u00f3t\u00e1la\u00ed Nua &#038; Nuashonraithe\"}]},{\"@type\":\"WebSite\",\"@id\":\"https:\\\/\\\/www.electoralcommission.ie\\\/ga\\\/#website\",\"url\":\"https:\\\/\\\/www.electoralcommission.ie\\\/ga\\\/\",\"name\":\"Coimisi\u00fan Toghch\u00e1in\",\"description\":\"Ireland&#039;s Statutory, Independent Electoral Commission\",\"potentialAction\":[{\"@type\":\"SearchAction\",\"target\":{\"@type\":\"EntryPoint\",\"urlTemplate\":\"https:\\\/\\\/www.electoralcommission.ie\\\/ga\\\/?s={search_term_string}\"},\"query-input\":{\"@type\":\"PropertyValueSpecification\",\"valueRequired\":true,\"valueName\":\"search_term_string\"}}],\"inLanguage\":\"ga-IE\"},{\"@type\":\"Person\",\"@id\":\"https:\\\/\\\/www.electoralcommission.ie\\\/ga\\\/#\\\/schema\\\/person\\\/69036ea7980593d4d26a6c93cb5a05d1\",\"name\":\"Annmarie Power\",\"image\":{\"@type\":\"ImageObject\",\"inLanguage\":\"ga-IE\",\"@id\":\"https:\\\/\\\/secure.gravatar.com\\\/avatar\\\/4a8697db31c8db568d4318f721a9435f68497e5cfceb7cea3b7623fc41af31c9?s=96&d=mm&r=g\",\"url\":\"https:\\\/\\\/secure.gravatar.com\\\/avatar\\\/4a8697db31c8db568d4318f721a9435f68497e5cfceb7cea3b7623fc41af31c9?s=96&d=mm&r=g\",\"contentUrl\":\"https:\\\/\\\/secure.gravatar.com\\\/avatar\\\/4a8697db31c8db568d4318f721a9435f68497e5cfceb7cea3b7623fc41af31c9?s=96&d=mm&r=g\",\"caption\":\"Annmarie Power\"}}]}<\/script>\n<!-- \/ Yoast SEO plugin. -->","yoast_head_json":{"title":"F\u00e1ilt\u00edonn Feachtas Cl\u00e1r\u00fach\u00e1in Thoghch\u00e1n an Uachtar\u00e1in roimh an mbreis agus 91,000 Iarratas ar V\u00f3t\u00e1la\u00ed Nua & Nuashonraithe - Coimisi\u00fan Toghch\u00e1in","robots":{"index":"index","follow":"follow","max-snippet":"max-snippet:-1","max-image-preview":"max-image-preview:large","max-video-preview":"max-video-preview:-1"},"canonical":"https:\/\/www.electoralcommission.ie\/ga\/nuacht-is-deanai-agus-taighde\/failtionn-feachtas-claruchain-thoghchan-an-uachtarain-roimh-an-mbreis-agus-91000-iarratas-ar-votalai-nua-nuashonraithe\/","og_locale":"ga_IE","og_type":"article","og_title":"F\u00e1ilt\u00edonn Feachtas Cl\u00e1r\u00fach\u00e1in Thoghch\u00e1n an Uachtar\u00e1in roimh an mbreis agus 91,000 Iarratas ar V\u00f3t\u00e1la\u00ed Nua & Nuashonraithe - Coimisi\u00fan Toghch\u00e1in","og_description":"T\u00e1 Acmhainn\u00ed ag V\u00f3t\u00e1laithe Nua &amp; Reatha chun Tac\u00fa Leo V\u00f3t\u00e1il D\u00e9 hAoine, 24 Deireadh F\u00f3mhair 8 Deireadh F\u00f3mhair 2025 \u2013 D\u2019fh\u00e1iltigh an Coimisi\u00fan Toghch\u00e1in, coimisi\u00fan neamhsple\u00e1ch toghch\u00e1in na h\u00c9ireann, roimh an mborradh suntasach de 91,157 iarratas \u00f3 dhaoine le dul ar chl\u00e1r na dtoghth\u00f3ir\u00ed agus a gcuid sonra\u00ed a thabhairt cothrom le d\u00e1ta le &hellip; Continued","og_url":"https:\/\/www.electoralcommission.ie\/ga\/nuacht-is-deanai-agus-taighde\/failtionn-feachtas-claruchain-thoghchan-an-uachtarain-roimh-an-mbreis-agus-91000-iarratas-ar-votalai-nua-nuashonraithe\/","og_site_name":"Coimisi\u00fan Toghch\u00e1in","article_published_time":"2025-10-08T14:38:25+00:00","article_modified_time":"2025-10-16T15:26:37+00:00","og_image":[{"width":1920,"height":1080,"url":"https:\/\/cdn.electoralcommission.ie\/app\/uploads\/2024\/09\/12160112\/News-template-.jpg","type":"image\/jpeg"}],"author":"Annmarie Power","twitter_card":"summary_large_image","twitter_misc":{"Written by":"Annmarie Power","Est. reading time":"6 minutes"},"schema":{"@context":"https:\/\/schema.org","@graph":[{"@type":"Article","@id":"https:\/\/www.electoralcommission.ie\/ga\/nuacht-is-deanai-agus-taighde\/failtionn-feachtas-claruchain-thoghchan-an-uachtarain-roimh-an-mbreis-agus-91000-iarratas-ar-votalai-nua-nuashonraithe\/#article","isPartOf":{"@id":"https:\/\/www.electoralcommission.ie\/ga\/nuacht-is-deanai-agus-taighde\/failtionn-feachtas-claruchain-thoghchan-an-uachtarain-roimh-an-mbreis-agus-91000-iarratas-ar-votalai-nua-nuashonraithe\/"},"author":{"name":"Annmarie Power","@id":"https:\/\/www.electoralcommission.ie\/ga\/#\/schema\/person\/69036ea7980593d4d26a6c93cb5a05d1"},"headline":"F\u00e1ilt\u00edonn Feachtas Cl\u00e1r\u00fach\u00e1in Thoghch\u00e1n an Uachtar\u00e1in roimh an mbreis agus 91,000 Iarratas ar V\u00f3t\u00e1la\u00ed Nua &#038; Nuashonraithe","datePublished":"2025-10-08T14:38:25+00:00","dateModified":"2025-10-16T15:26:37+00:00","mainEntityOfPage":{"@id":"https:\/\/www.electoralcommission.ie\/ga\/nuacht-is-deanai-agus-taighde\/failtionn-feachtas-claruchain-thoghchan-an-uachtarain-roimh-an-mbreis-agus-91000-iarratas-ar-votalai-nua-nuashonraithe\/"},"wordCount":1293,"commentCount":0,"image":{"@id":"https:\/\/www.electoralcommission.ie\/ga\/nuacht-is-deanai-agus-taighde\/failtionn-feachtas-claruchain-thoghchan-an-uachtarain-roimh-an-mbreis-agus-91000-iarratas-ar-votalai-nua-nuashonraithe\/#primaryimage"},"thumbnailUrl":"https:\/\/www.electoralcommission.ie\/app\/uploads\/2024\/09\/News-template-.jpg","articleSection":["Eisi\u00faint\u00ed Me\u00e1n","Nuacht is D\u00e9ana\u00ed agus Taighde"],"inLanguage":"ga-IE","potentialAction":[{"@type":"CommentAction","name":"Comment","target":["https:\/\/www.electoralcommission.ie\/ga\/nuacht-is-deanai-agus-taighde\/failtionn-feachtas-claruchain-thoghchan-an-uachtarain-roimh-an-mbreis-agus-91000-iarratas-ar-votalai-nua-nuashonraithe\/#respond"]}]},{"@type":"WebPage","@id":"https:\/\/www.electoralcommission.ie\/ga\/nuacht-is-deanai-agus-taighde\/failtionn-feachtas-claruchain-thoghchan-an-uachtarain-roimh-an-mbreis-agus-91000-iarratas-ar-votalai-nua-nuashonraithe\/","url":"https:\/\/www.electoralcommission.ie\/ga\/nuacht-is-deanai-agus-taighde\/failtionn-feachtas-claruchain-thoghchan-an-uachtarain-roimh-an-mbreis-agus-91000-iarratas-ar-votalai-nua-nuashonraithe\/","name":"F\u00e1ilt\u00edonn Feachtas Cl\u00e1r\u00fach\u00e1in Thoghch\u00e1n an Uachtar\u00e1in roimh an mbreis agus 91,000 Iarratas ar V\u00f3t\u00e1la\u00ed Nua & Nuashonraithe - Coimisi\u00fan Toghch\u00e1in","isPartOf":{"@id":"https:\/\/www.electoralcommission.ie\/ga\/#website"},"primaryImageOfPage":{"@id":"https:\/\/www.electoralcommission.ie\/ga\/nuacht-is-deanai-agus-taighde\/failtionn-feachtas-claruchain-thoghchan-an-uachtarain-roimh-an-mbreis-agus-91000-iarratas-ar-votalai-nua-nuashonraithe\/#primaryimage"},"image":{"@id":"https:\/\/www.electoralcommission.ie\/ga\/nuacht-is-deanai-agus-taighde\/failtionn-feachtas-claruchain-thoghchan-an-uachtarain-roimh-an-mbreis-agus-91000-iarratas-ar-votalai-nua-nuashonraithe\/#primaryimage"},"thumbnailUrl":"https:\/\/www.electoralcommission.ie\/app\/uploads\/2024\/09\/News-template-.jpg","datePublished":"2025-10-08T14:38:25+00:00","dateModified":"2025-10-16T15:26:37+00:00","author":{"@id":"https:\/\/www.electoralcommission.ie\/ga\/#\/schema\/person\/69036ea7980593d4d26a6c93cb5a05d1"},"breadcrumb":{"@id":"https:\/\/www.electoralcommission.ie\/ga\/nuacht-is-deanai-agus-taighde\/failtionn-feachtas-claruchain-thoghchan-an-uachtarain-roimh-an-mbreis-agus-91000-iarratas-ar-votalai-nua-nuashonraithe\/#breadcrumb"},"inLanguage":"ga-IE","potentialAction":[{"@type":"ReadAction","target":["https:\/\/www.electoralcommission.ie\/ga\/nuacht-is-deanai-agus-taighde\/failtionn-feachtas-claruchain-thoghchan-an-uachtarain-roimh-an-mbreis-agus-91000-iarratas-ar-votalai-nua-nuashonraithe\/"]}]},{"@type":"ImageObject","inLanguage":"ga-IE","@id":"https:\/\/www.electoralcommission.ie\/ga\/nuacht-is-deanai-agus-taighde\/failtionn-feachtas-claruchain-thoghchan-an-uachtarain-roimh-an-mbreis-agus-91000-iarratas-ar-votalai-nua-nuashonraithe\/#primaryimage","url":"https:\/\/www.electoralcommission.ie\/app\/uploads\/2024\/09\/News-template-.jpg","contentUrl":"https:\/\/www.electoralcommission.ie\/app\/uploads\/2024\/09\/News-template-.jpg","width":1920,"height":1080,"caption":"Blue background with An Coimisi\u00fan Toghch\u00e1in, the Electoral Commission logo"},{"@type":"BreadcrumbList","@id":"https:\/\/www.electoralcommission.ie\/ga\/nuacht-is-deanai-agus-taighde\/failtionn-feachtas-claruchain-thoghchan-an-uachtarain-roimh-an-mbreis-agus-91000-iarratas-ar-votalai-nua-nuashonraithe\/#breadcrumb","itemListElement":[{"@type":"ListItem","position":1,"name":"Baile","item":"https:\/\/www.electoralcommission.ie\/ga\/"},{"@type":"ListItem","position":2,"name":"F\u00e1ilt\u00edonn Feachtas Cl\u00e1r\u00fach\u00e1in Thoghch\u00e1n an Uachtar\u00e1in roimh an mbreis agus 91,000 Iarratas ar V\u00f3t\u00e1la\u00ed Nua &#038; Nuashonraithe"}]},{"@type":"WebSite","@id":"https:\/\/www.electoralcommission.ie\/ga\/#website","url":"https:\/\/www.electoralcommission.ie\/ga\/","name":"Coimisi\u00fan Toghch\u00e1in","description":"Ireland&#039;s Statutory, Independent Electoral Commission","potentialAction":[{"@type":"SearchAction","target":{"@type":"EntryPoint","urlTemplate":"https:\/\/www.electoralcommission.ie\/ga\/?s={search_term_string}"},"query-input":{"@type":"PropertyValueSpecification","valueRequired":true,"valueName":"search_term_string"}}],"inLanguage":"ga-IE"},{"@type":"Person","@id":"https:\/\/www.electoralcommission.ie\/ga\/#\/schema\/person\/69036ea7980593d4d26a6c93cb5a05d1","name":"Annmarie Power","image":{"@type":"ImageObject","inLanguage":"ga-IE","@id":"https:\/\/secure.gravatar.com\/avatar\/4a8697db31c8db568d4318f721a9435f68497e5cfceb7cea3b7623fc41af31c9?s=96&d=mm&r=g","url":"https:\/\/secure.gravatar.com\/avatar\/4a8697db31c8db568d4318f721a9435f68497e5cfceb7cea3b7623fc41af31c9?s=96&d=mm&r=g","contentUrl":"https:\/\/secure.gravatar.com\/avatar\/4a8697db31c8db568d4318f721a9435f68497e5cfceb7cea3b7623fc41af31c9?s=96&d=mm&r=g","caption":"Annmarie Power"}}]}},"uagb_featured_image_src":{"full":["https:\/\/www.electoralcommission.ie\/app\/uploads\/2024\/09\/News-template-.jpg",1920,1080,false],"thumbnail":["https:\/\/www.electoralcommission.ie\/app\/uploads\/2024\/09\/News-template--355x210.jpg",355,210,true],"medium":["https:\/\/www.electoralcommission.ie\/app\/uploads\/2024\/09\/News-template--300x169.jpg",300,169,true],"medium_large":["https:\/\/www.electoralcommission.ie\/app\/uploads\/2024\/09\/News-template--768x432.jpg",768,432,true],"large":["https:\/\/www.electoralcommission.ie\/app\/uploads\/2024\/09\/News-template--1024x576.jpg",1024,576,true],"1536x1536":["https:\/\/www.electoralcommission.ie\/app\/uploads\/2024\/09\/News-template--1536x864.jpg",1536,864,true],"2048x2048":["https:\/\/www.electoralcommission.ie\/app\/uploads\/2024\/09\/News-template-.jpg",1920,1080,false],"gform-image-choice-sm":["https:\/\/www.electoralcommission.ie\/app\/uploads\/2024\/09\/News-template-.jpg",300,169,false],"gform-image-choice-md":["https:\/\/www.electoralcommission.ie\/app\/uploads\/2024\/09\/News-template-.jpg",400,225,false],"gform-image-choice-lg":["https:\/\/www.electoralcommission.ie\/app\/uploads\/2024\/09\/News-template-.jpg",600,338,false]},"uagb_author_info":{"display_name":"Annmarie Power","author_link":"https:\/\/www.electoralcommission.ie\/ga\/author\/annmarie-power\/"},"uagb_comment_info":0,"uagb_excerpt":"T\u00e1 Acmhainn\u00ed ag V\u00f3t\u00e1laithe Nua &amp; Reatha chun Tac\u00fa Leo V\u00f3t\u00e1il D\u00e9 hAoine, 24 Deireadh F\u00f3mhair 8 Deireadh F\u00f3mhair 2025 \u2013 D\u2019fh\u00e1iltigh an Coimisi\u00fan Toghch\u00e1in, coimisi\u00fan neamhsple\u00e1ch toghch\u00e1in na h\u00c9ireann, roimh an mborradh suntasach de 91,157 iarratas \u00f3 dhaoine le dul ar chl\u00e1r na dtoghth\u00f3ir\u00ed agus a gcuid sonra\u00ed a thabhairt cothrom le d\u00e1ta le&hellip;","_links":{"self":[{"href":"https:\/\/www.electoralcommission.ie\/ga\/wp-json\/wp\/v2\/posts\/14893","targetHints":{"allow":["GET"]}}],"collection":[{"href":"https:\/\/www.electoralcommission.ie\/ga\/wp-json\/wp\/v2\/posts"}],"about":[{"href":"https:\/\/www.electoralcommission.ie\/ga\/wp-json\/wp\/v2\/types\/post"}],"author":[{"embeddable":true,"href":"https:\/\/www.electoralcommission.ie\/ga\/wp-json\/wp\/v2\/users\/20"}],"replies":[{"embeddable":true,"href":"https:\/\/www.electoralcommission.ie\/ga\/wp-json\/wp\/v2\/comments?post=14893"}],"version-history":[{"count":1,"href":"https:\/\/www.electoralcommission.ie\/ga\/wp-json\/wp\/v2\/posts\/14893\/revisions"}],"predecessor-version":[{"id":14894,"href":"https:\/\/www.electoralcommission.ie\/ga\/wp-json\/wp\/v2\/posts\/14893\/revisions\/14894"}],"wp:featuredmedia":[{"embeddable":true,"href":"https:\/\/www.electoralcommission.ie\/ga\/wp-json\/wp\/v2\/media\/11186"}],"wp:attachment":[{"href":"https:\/\/www.electoralcommission.ie\/ga\/wp-json\/wp\/v2\/media?parent=14893"}],"wp:term":[{"taxonomy":"category","embeddable":true,"href":"https:\/\/www.electoralcommission.ie\/ga\/wp-json\/wp\/v2\/categories?post=14893"},{"taxonomy":"post_tag","embeddable":true,"href":"https:\/\/www.electoralcommission.ie\/ga\/wp-json\/wp\/v2\/tags?post=14893"}],"curies":[{"name":"wp","href":"https:\/\/api.w.org\/{rel}","templated":true}]}}