
{"id":5019,"date":"2018-10-26T10:50:31","date_gmt":"2018-10-26T09:50:31","guid":{"rendered":"https:\/\/www.electoralcommission.ie\/reifreann-maidir-le-diamhasla\/"},"modified":"2023-05-30T11:32:26","modified_gmt":"2023-05-30T10:32:26","slug":"reifreann-maidir-le-diamhasla","status":"publish","type":"post","link":"https:\/\/www.electoralcommission.ie\/ga\/reifreann\/reifreann-maidir-le-diamhasla\/","title":{"rendered":"Reifreann maidir le diamhasla"},"content":{"rendered":"\n<p>An Bille um an Seacht\u00fa Leas\u00fa is Tr\u00edocha ar an mBunreacht (Cion a aisghairm arb \u00e9ard \u00e9 n\u00ed diamhaslach a fhoilsi\u00fa n\u00f3 a aithris), 2018. Bhain an togra reifrinn ar an reifreann maidir le diamhasla le cib\u00e9 ar aontaigh n\u00f3 n\u00e1r aontaigh t\u00fa le &#8216;diamhaslach n\u00f3&#8217; a scriosadh amach \u00f3 Airteagal 40.6.1\u02da den Bhunreacht.<\/p>\n\n<p>Cuireadh an leas\u00fa molta ar an mBunreacht os comhair an phobail an 26 Deireadh F\u00f3mhair 2018. Thoiligh na daoine leis an togra.<\/p>\n\n<h2 class=\"wp-block-heading\">Treoir Neamhsple\u00e1ch<\/h2>\n\n<p>Foils\u00edodh Treoir Neamhsple\u00e1ch i bhfoirm leabhr\u00e1in agus scaipeadh \u00e9 ar gach teach sa st\u00e1t. T\u00e1 cur s\u00edos gearr ar gach togra sa treoir sin.<\/p>\n\n<div style=\"height:40px\" aria-hidden=\"true\" class=\"wp-block-spacer\"><\/div>\n\n<div class=\"wp-block-buttons is-content-justification-center is-layout-flex wp-container-core-buttons-is-layout-16018d1d wp-block-buttons-is-layout-flex\">\n<div class=\"wp-block-button is-style-fill is-signup bg-color-blue color-white rounded py-2 px-3 mt-1\"><a class=\"wp-block-button__link wp-element-button\" href=\"\/app\/uploads\/2023\/05\/Reifreann-ar-diamhasla-Treoir.pdf\" target=\"_blank\" rel=\"noreferrer noopener\">\u00cdosl\u00f3d\u00e1il an treoir <i class=\"fas fa-arrow-down\"><\/i><\/a><\/div>\n<\/div>\n\n<div style=\"height:40px\" aria-hidden=\"true\" class=\"wp-block-spacer\"><\/div>\n\n<hr class=\"wp-block-separator has-alpha-channel-opacity is-style-wide sep\"\/>\n\n<div style=\"height:40px\" aria-hidden=\"true\" class=\"wp-block-spacer\"><\/div>\n\n<div class=\"wp-block-columns is-layout-flex wp-container-core-columns-is-layout-9d6595d7 wp-block-columns-is-layout-flex\">\n<div class=\"wp-block-column is-layout-flow wp-block-column-is-layout-flow\"><\/div>\n\n\n\n<div class=\"wp-block-column is-layout-flow wp-block-column-is-layout-flow\" style=\"flex-basis:500px\">\n          \n\n          <figure class=\"wp-block-embed aligncenter is-type-video is-provider-vimeo wp-block-embed-vimeo\">\n            <div class=\"wp-block-embed__wrapper\">\n<iframe loading=\"lazy\" title=\"Referendum on Blasphemy\" src=\"https:\/\/player.vimeo.com\/video\/295771324?dnt=1&amp;app_id=122963\" width=\"500\" height=\"281\" frameborder=\"0\" allow=\"autoplay; fullscreen; picture-in-picture; clipboard-write\"><\/iframe>\n<\/div>\n          <\/figure>\n          \n\n        \n<\/div>\n\n\n\n<div class=\"wp-block-column is-layout-flow wp-block-column-is-layout-flow\"><\/div>\n<\/div>\n\n<p>D&#8217;fhoilsigh an Coimisi\u00fan treoir neamhsple\u00e1ch freisin do dhaoine a bhfuil m\u00edchumas intleachta ag dul d\u00f3ibh.<\/p>\n\n<div class=\"wp-block-buttons is-content-justification-center is-layout-flex wp-container-core-buttons-is-layout-16018d1d wp-block-buttons-is-layout-flex\">\n<div class=\"wp-block-button is-style-fill is-signup bg-color-blue color-white rounded py-2 px-3 mt-1\"><a class=\"wp-block-button__link wp-element-button\" href=\"\/app\/uploads\/2023\/05\/Treoir-Dhiamhasla-do-dhaoine-le-michumas-intleachta.pdf\" target=\"_blank\" rel=\"noreferrer noopener\">\u00cdosl\u00f3d\u00e1il Treoir Inrochtana <i class=\"fas fa-arrow-down\"><\/i><\/a><\/div>\n<\/div>\n\n<div style=\"height:40px\" aria-hidden=\"true\" class=\"wp-block-spacer\"><\/div>\n\n<hr class=\"wp-block-separator has-alpha-channel-opacity is-style-wide sep\"\/>\n\n<div style=\"height:40px\" aria-hidden=\"true\" class=\"wp-block-spacer\"><\/div>\n\n<div class=\"wp-block-columns is-layout-flex wp-container-core-columns-is-layout-9d6595d7 wp-block-columns-is-layout-flex\">\n<div class=\"wp-block-column is-layout-flow wp-block-column-is-layout-flow\">\n<h2 class=\"wp-block-heading\">Tuarasc\u00e1il<\/h2>\n\n\n\n<p>F\u00e9adfaidh t\u00fa tuarasc\u00e1il an Choimisi\u00fain Reifrinn ar reifreann maidir leis an diamhasla a l\u00e9amh ar l\u00edne n\u00f3 c\u00f3ip PDF den tuarasc\u00e1il a \u00edosl\u00f3d\u00e1il.<\/p>\n\n\n\n<div class=\"wp-block-buttons is-content-justification-center is-layout-flex wp-container-core-buttons-is-layout-16018d1d wp-block-buttons-is-layout-flex\">\n<div class=\"wp-block-button is-style-fill is-signup bg-color-blue color-white rounded py-2 px-3 mt-1\"><a class=\"wp-block-button__link wp-element-button\" href=\"\/app\/uploads\/2023\/05\/An-tuarascail-ar-an-reifreann-maidir-leis-an-diamhasla.pdf\" target=\"_blank\" rel=\"noreferrer noopener\">\u00cdosl\u00f3d\u00e1il an tuarasc\u00e1il <i class=\"fas fa-arrow-down\"><\/i><\/a><\/div>\n<\/div>\n<\/div>\n<\/div>\n\n<div style=\"height:40px\" aria-hidden=\"true\" class=\"wp-block-spacer\"><\/div>\n","protected":false},"excerpt":{"rendered":"<p>An Bille um an Seacht\u00fa Leas\u00fa is Tr\u00edocha ar an mBunreacht (Cion a aisghairm arb \u00e9ard \u00e9 n\u00ed diamhaslach a fhoilsi\u00fa n\u00f3 a aithris), 2018. Bhain an togra reifrinn ar an reifreann maidir le diamhasla le cib\u00e9 ar aontaigh n\u00f3 n\u00e1r aontaigh t\u00fa le &#8216;diamhaslach n\u00f3&#8217; a scriosadh amach \u00f3 Airteagal 40.6.1\u02da den Bhunreacht. Cuireadh &hellip; <a href=\"https:\/\/www.electoralcommission.ie\/ga\/reifreann\/reifreann-maidir-le-diamhasla\/\">Continued<\/a><\/p>\n","protected":false},"author":24,"featured_media":0,"comment_status":"open","ping_status":"open","sticky":false,"template":"","format":"standard","meta":{"_acf_changed":false,"_relevanssi_hide_post":"","_relevanssi_hide_content":"","_relevanssi_pin_for_all":"","_relevanssi_pin_keywords":"","_relevanssi_unpin_keywords":"","_relevanssi_related_keywords":"","_relevanssi_related_include_ids":"","_relevanssi_related_exclude_ids":"","_relevanssi_related_no_append":"","_relevanssi_related_not_related":"","_relevanssi_related_posts":"","_relevanssi_noindex_reason":"","_uag_custom_page_level_css":"","footnotes":""},"categories":[20],"tags":[],"class_list":["post-5019","post","type-post","status-publish","format-standard","hentry","category-reifreann"],"acf":[],"yoast_head":"<!-- This site is optimized with the Yoast SEO plugin v27.5 - https:\/\/yoast.com\/product\/yoast-seo-wordpress\/ -->\n<title>Reifreann maidir le diamhasla - Coimisi\u00fan Toghch\u00e1in<\/title>\n<meta name=\"robots\" content=\"index, follow, max-snippet:-1, max-image-preview:large, max-video-preview:-1\" \/>\n<link rel=\"canonical\" href=\"https:\/\/www.electoralcommission.ie\/ga\/reifreann\/reifreann-maidir-le-diamhasla\/\" \/>\n<meta property=\"og:locale\" content=\"ga_IE\" \/>\n<meta property=\"og:type\" content=\"article\" \/>\n<meta property=\"og:title\" content=\"Reifreann maidir le diamhasla - Coimisi\u00fan Toghch\u00e1in\" \/>\n<meta property=\"og:description\" content=\"An Bille um an Seacht\u00fa Leas\u00fa is Tr\u00edocha ar an mBunreacht (Cion a aisghairm arb \u00e9ard \u00e9 n\u00ed diamhaslach a fhoilsi\u00fa n\u00f3 a aithris), 2018. Bhain an togra reifrinn ar an reifreann maidir le diamhasla le cib\u00e9 ar aontaigh n\u00f3 n\u00e1r aontaigh t\u00fa le &#8216;diamhaslach n\u00f3&#8217; a scriosadh amach \u00f3 Airteagal 40.6.1\u02da den Bhunreacht. Cuireadh &hellip; Continued\" \/>\n<meta property=\"og:url\" content=\"https:\/\/www.electoralcommission.ie\/ga\/reifreann\/reifreann-maidir-le-diamhasla\/\" \/>\n<meta property=\"og:site_name\" content=\"Coimisi\u00fan Toghch\u00e1in\" \/>\n<meta property=\"article:published_time\" content=\"2018-10-26T09:50:31+00:00\" \/>\n<meta property=\"article:modified_time\" content=\"2023-05-30T10:32:26+00:00\" \/>\n<meta name=\"author\" content=\"Alice Kiernan\" \/>\n<meta name=\"twitter:card\" content=\"summary_large_image\" \/>\n<meta name=\"twitter:label1\" content=\"Written by\" \/>\n\t<meta name=\"twitter:data1\" content=\"Alice Kiernan\" \/>\n\t<meta name=\"twitter:label2\" content=\"Est. reading time\" \/>\n\t<meta name=\"twitter:data2\" content=\"1 minute\" \/>\n<script type=\"application\/ld+json\" class=\"yoast-schema-graph\">{\"@context\":\"https:\\\/\\\/schema.org\",\"@graph\":[{\"@type\":\"Article\",\"@id\":\"https:\\\/\\\/www.electoralcommission.ie\\\/ga\\\/reifreann\\\/reifreann-maidir-le-diamhasla\\\/#article\",\"isPartOf\":{\"@id\":\"https:\\\/\\\/www.electoralcommission.ie\\\/ga\\\/reifreann\\\/reifreann-maidir-le-diamhasla\\\/\"},\"author\":{\"name\":\"Alice Kiernan\",\"@id\":\"https:\\\/\\\/www.electoralcommission.ie\\\/ga\\\/#\\\/schema\\\/person\\\/53e21c16ceb3db7d6dcc33a2c4883996\"},\"headline\":\"Reifreann maidir le diamhasla\",\"datePublished\":\"2018-10-26T09:50:31+00:00\",\"dateModified\":\"2023-05-30T10:32:26+00:00\",\"mainEntityOfPage\":{\"@id\":\"https:\\\/\\\/www.electoralcommission.ie\\\/ga\\\/reifreann\\\/reifreann-maidir-le-diamhasla\\\/\"},\"wordCount\":188,\"commentCount\":0,\"articleSection\":[\"Reifreann\"],\"inLanguage\":\"ga-IE\",\"potentialAction\":[{\"@type\":\"CommentAction\",\"name\":\"Comment\",\"target\":[\"https:\\\/\\\/www.electoralcommission.ie\\\/ga\\\/reifreann\\\/reifreann-maidir-le-diamhasla\\\/#respond\"]}]},{\"@type\":\"WebPage\",\"@id\":\"https:\\\/\\\/www.electoralcommission.ie\\\/ga\\\/reifreann\\\/reifreann-maidir-le-diamhasla\\\/\",\"url\":\"https:\\\/\\\/www.electoralcommission.ie\\\/ga\\\/reifreann\\\/reifreann-maidir-le-diamhasla\\\/\",\"name\":\"Reifreann maidir le diamhasla - Coimisi\u00fan Toghch\u00e1in\",\"isPartOf\":{\"@id\":\"https:\\\/\\\/www.electoralcommission.ie\\\/ga\\\/#website\"},\"datePublished\":\"2018-10-26T09:50:31+00:00\",\"dateModified\":\"2023-05-30T10:32:26+00:00\",\"author\":{\"@id\":\"https:\\\/\\\/www.electoralcommission.ie\\\/ga\\\/#\\\/schema\\\/person\\\/53e21c16ceb3db7d6dcc33a2c4883996\"},\"breadcrumb\":{\"@id\":\"https:\\\/\\\/www.electoralcommission.ie\\\/ga\\\/reifreann\\\/reifreann-maidir-le-diamhasla\\\/#breadcrumb\"},\"inLanguage\":\"ga-IE\",\"potentialAction\":[{\"@type\":\"ReadAction\",\"target\":[\"https:\\\/\\\/www.electoralcommission.ie\\\/ga\\\/reifreann\\\/reifreann-maidir-le-diamhasla\\\/\"]}]},{\"@type\":\"BreadcrumbList\",\"@id\":\"https:\\\/\\\/www.electoralcommission.ie\\\/ga\\\/reifreann\\\/reifreann-maidir-le-diamhasla\\\/#breadcrumb\",\"itemListElement\":[{\"@type\":\"ListItem\",\"position\":1,\"name\":\"Baile\",\"item\":\"https:\\\/\\\/www.electoralcommission.ie\\\/ga\\\/\"},{\"@type\":\"ListItem\",\"position\":2,\"name\":\"Reifreann maidir le diamhasla\"}]},{\"@type\":\"WebSite\",\"@id\":\"https:\\\/\\\/www.electoralcommission.ie\\\/ga\\\/#website\",\"url\":\"https:\\\/\\\/www.electoralcommission.ie\\\/ga\\\/\",\"name\":\"Coimisi\u00fan Toghch\u00e1in\",\"description\":\"Ireland&#039;s Statutory, Independent Electoral Commission\",\"potentialAction\":[{\"@type\":\"SearchAction\",\"target\":{\"@type\":\"EntryPoint\",\"urlTemplate\":\"https:\\\/\\\/www.electoralcommission.ie\\\/ga\\\/?s={search_term_string}\"},\"query-input\":{\"@type\":\"PropertyValueSpecification\",\"valueRequired\":true,\"valueName\":\"search_term_string\"}}],\"inLanguage\":\"ga-IE\"},{\"@type\":\"Person\",\"@id\":\"https:\\\/\\\/www.electoralcommission.ie\\\/ga\\\/#\\\/schema\\\/person\\\/53e21c16ceb3db7d6dcc33a2c4883996\",\"name\":\"Alice Kiernan\",\"image\":{\"@type\":\"ImageObject\",\"inLanguage\":\"ga-IE\",\"@id\":\"https:\\\/\\\/secure.gravatar.com\\\/avatar\\\/b892423a2a7282b5cf798508025c3ffd71aed5ee74b4ca0ee9a873de6d1df693?s=96&d=mm&r=g\",\"url\":\"https:\\\/\\\/secure.gravatar.com\\\/avatar\\\/b892423a2a7282b5cf798508025c3ffd71aed5ee74b4ca0ee9a873de6d1df693?s=96&d=mm&r=g\",\"contentUrl\":\"https:\\\/\\\/secure.gravatar.com\\\/avatar\\\/b892423a2a7282b5cf798508025c3ffd71aed5ee74b4ca0ee9a873de6d1df693?s=96&d=mm&r=g\",\"caption\":\"Alice Kiernan\"}}]}<\/script>\n<!-- \/ Yoast SEO plugin. -->","yoast_head_json":{"title":"Reifreann maidir le diamhasla - Coimisi\u00fan Toghch\u00e1in","robots":{"index":"index","follow":"follow","max-snippet":"max-snippet:-1","max-image-preview":"max-image-preview:large","max-video-preview":"max-video-preview:-1"},"canonical":"https:\/\/www.electoralcommission.ie\/ga\/reifreann\/reifreann-maidir-le-diamhasla\/","og_locale":"ga_IE","og_type":"article","og_title":"Reifreann maidir le diamhasla - Coimisi\u00fan Toghch\u00e1in","og_description":"An Bille um an Seacht\u00fa Leas\u00fa is Tr\u00edocha ar an mBunreacht (Cion a aisghairm arb \u00e9ard \u00e9 n\u00ed diamhaslach a fhoilsi\u00fa n\u00f3 a aithris), 2018. Bhain an togra reifrinn ar an reifreann maidir le diamhasla le cib\u00e9 ar aontaigh n\u00f3 n\u00e1r aontaigh t\u00fa le &#8216;diamhaslach n\u00f3&#8217; a scriosadh amach \u00f3 Airteagal 40.6.1\u02da den Bhunreacht. Cuireadh &hellip; Continued","og_url":"https:\/\/www.electoralcommission.ie\/ga\/reifreann\/reifreann-maidir-le-diamhasla\/","og_site_name":"Coimisi\u00fan Toghch\u00e1in","article_published_time":"2018-10-26T09:50:31+00:00","article_modified_time":"2023-05-30T10:32:26+00:00","author":"Alice Kiernan","twitter_card":"summary_large_image","twitter_misc":{"Written by":"Alice Kiernan","Est. reading time":"1 minute"},"schema":{"@context":"https:\/\/schema.org","@graph":[{"@type":"Article","@id":"https:\/\/www.electoralcommission.ie\/ga\/reifreann\/reifreann-maidir-le-diamhasla\/#article","isPartOf":{"@id":"https:\/\/www.electoralcommission.ie\/ga\/reifreann\/reifreann-maidir-le-diamhasla\/"},"author":{"name":"Alice Kiernan","@id":"https:\/\/www.electoralcommission.ie\/ga\/#\/schema\/person\/53e21c16ceb3db7d6dcc33a2c4883996"},"headline":"Reifreann maidir le diamhasla","datePublished":"2018-10-26T09:50:31+00:00","dateModified":"2023-05-30T10:32:26+00:00","mainEntityOfPage":{"@id":"https:\/\/www.electoralcommission.ie\/ga\/reifreann\/reifreann-maidir-le-diamhasla\/"},"wordCount":188,"commentCount":0,"articleSection":["Reifreann"],"inLanguage":"ga-IE","potentialAction":[{"@type":"CommentAction","name":"Comment","target":["https:\/\/www.electoralcommission.ie\/ga\/reifreann\/reifreann-maidir-le-diamhasla\/#respond"]}]},{"@type":"WebPage","@id":"https:\/\/www.electoralcommission.ie\/ga\/reifreann\/reifreann-maidir-le-diamhasla\/","url":"https:\/\/www.electoralcommission.ie\/ga\/reifreann\/reifreann-maidir-le-diamhasla\/","name":"Reifreann maidir le diamhasla - Coimisi\u00fan Toghch\u00e1in","isPartOf":{"@id":"https:\/\/www.electoralcommission.ie\/ga\/#website"},"datePublished":"2018-10-26T09:50:31+00:00","dateModified":"2023-05-30T10:32:26+00:00","author":{"@id":"https:\/\/www.electoralcommission.ie\/ga\/#\/schema\/person\/53e21c16ceb3db7d6dcc33a2c4883996"},"breadcrumb":{"@id":"https:\/\/www.electoralcommission.ie\/ga\/reifreann\/reifreann-maidir-le-diamhasla\/#breadcrumb"},"inLanguage":"ga-IE","potentialAction":[{"@type":"ReadAction","target":["https:\/\/www.electoralcommission.ie\/ga\/reifreann\/reifreann-maidir-le-diamhasla\/"]}]},{"@type":"BreadcrumbList","@id":"https:\/\/www.electoralcommission.ie\/ga\/reifreann\/reifreann-maidir-le-diamhasla\/#breadcrumb","itemListElement":[{"@type":"ListItem","position":1,"name":"Baile","item":"https:\/\/www.electoralcommission.ie\/ga\/"},{"@type":"ListItem","position":2,"name":"Reifreann maidir le diamhasla"}]},{"@type":"WebSite","@id":"https:\/\/www.electoralcommission.ie\/ga\/#website","url":"https:\/\/www.electoralcommission.ie\/ga\/","name":"Coimisi\u00fan Toghch\u00e1in","description":"Ireland&#039;s Statutory, Independent Electoral Commission","potentialAction":[{"@type":"SearchAction","target":{"@type":"EntryPoint","urlTemplate":"https:\/\/www.electoralcommission.ie\/ga\/?s={search_term_string}"},"query-input":{"@type":"PropertyValueSpecification","valueRequired":true,"valueName":"search_term_string"}}],"inLanguage":"ga-IE"},{"@type":"Person","@id":"https:\/\/www.electoralcommission.ie\/ga\/#\/schema\/person\/53e21c16ceb3db7d6dcc33a2c4883996","name":"Alice Kiernan","image":{"@type":"ImageObject","inLanguage":"ga-IE","@id":"https:\/\/secure.gravatar.com\/avatar\/b892423a2a7282b5cf798508025c3ffd71aed5ee74b4ca0ee9a873de6d1df693?s=96&d=mm&r=g","url":"https:\/\/secure.gravatar.com\/avatar\/b892423a2a7282b5cf798508025c3ffd71aed5ee74b4ca0ee9a873de6d1df693?s=96&d=mm&r=g","contentUrl":"https:\/\/secure.gravatar.com\/avatar\/b892423a2a7282b5cf798508025c3ffd71aed5ee74b4ca0ee9a873de6d1df693?s=96&d=mm&r=g","caption":"Alice Kiernan"}}]}},"uagb_featured_image_src":{"full":false,"thumbnail":false,"medium":false,"medium_large":false,"large":false,"1536x1536":false,"2048x2048":false,"gform-image-choice-sm":false,"gform-image-choice-md":false,"gform-image-choice-lg":false},"uagb_author_info":{"display_name":"Alice Kiernan","author_link":"https:\/\/www.electoralcommission.ie\/ga\/author\/alice-kiernan\/"},"uagb_comment_info":0,"uagb_excerpt":"An Bille um an Seacht\u00fa Leas\u00fa is Tr\u00edocha ar an mBunreacht (Cion a aisghairm arb \u00e9ard \u00e9 n\u00ed diamhaslach a fhoilsi\u00fa n\u00f3 a aithris), 2018. Bhain an togra reifrinn ar an reifreann maidir le diamhasla le cib\u00e9 ar aontaigh n\u00f3 n\u00e1r aontaigh t\u00fa le &#8216;diamhaslach n\u00f3&#8217; a scriosadh amach \u00f3 Airteagal 40.6.1\u02da den Bhunreacht. Cuireadh&hellip;","_links":{"self":[{"href":"https:\/\/www.electoralcommission.ie\/ga\/wp-json\/wp\/v2\/posts\/5019","targetHints":{"allow":["GET"]}}],"collection":[{"href":"https:\/\/www.electoralcommission.ie\/ga\/wp-json\/wp\/v2\/posts"}],"about":[{"href":"https:\/\/www.electoralcommission.ie\/ga\/wp-json\/wp\/v2\/types\/post"}],"author":[{"embeddable":true,"href":"https:\/\/www.electoralcommission.ie\/ga\/wp-json\/wp\/v2\/users\/24"}],"replies":[{"embeddable":true,"href":"https:\/\/www.electoralcommission.ie\/ga\/wp-json\/wp\/v2\/comments?post=5019"}],"version-history":[{"count":5,"href":"https:\/\/www.electoralcommission.ie\/ga\/wp-json\/wp\/v2\/posts\/5019\/revisions"}],"predecessor-version":[{"id":5205,"href":"https:\/\/www.electoralcommission.ie\/ga\/wp-json\/wp\/v2\/posts\/5019\/revisions\/5205"}],"wp:attachment":[{"href":"https:\/\/www.electoralcommission.ie\/ga\/wp-json\/wp\/v2\/media?parent=5019"}],"wp:term":[{"taxonomy":"category","embeddable":true,"href":"https:\/\/www.electoralcommission.ie\/ga\/wp-json\/wp\/v2\/categories?post=5019"},{"taxonomy":"post_tag","embeddable":true,"href":"https:\/\/www.electoralcommission.ie\/ga\/wp-json\/wp\/v2\/tags?post=5019"}],"curies":[{"name":"wp","href":"https:\/\/api.w.org\/{rel}","templated":true}]}}