
{"id":5043,"date":"2001-06-07T11:51:00","date_gmt":"2001-06-07T10:51:00","guid":{"rendered":"https:\/\/www.electoralcommission.ie\/glacadh-le-dlinse-na-cuirte-coiriula-idirnaisiunta\/"},"modified":"2023-05-30T12:36:56","modified_gmt":"2023-05-30T11:36:56","slug":"glacadh-le-dlinse-na-cuirte-coiriula-idirnaisiunta","status":"publish","type":"post","link":"https:\/\/www.electoralcommission.ie\/ga\/reifreann\/glacadh-le-dlinse-na-cuirte-coiriula-idirnaisiunta\/","title":{"rendered":"Glacadh le Dl\u00ednse na C\u00fairte Coiri\u00fala Idirn\u00e1isi\u00fanta"},"content":{"rendered":"\n<h2 class=\"wp-block-heading\">\n          <strong>Reifreann ar an mBille um an Tr\u00ed\u00fa Leas\u00fa is Fiche ar an mBunreacht 2001 (Glacadh le Dl\u00ednse na C\u00fairte Coiri\u00fala Idirn\u00e1isi\u00fanta)<\/strong>\n        <\/h2>\n\n<p>Bh\u00ed reifreann ann an 7 Meitheamh 2001 maidir le togra chun glacadh le dl\u00ednse na C\u00fairte Coiri\u00fala Idirn\u00e1isi\u00fanta<\/p>\n\n<p>D\u00e9antar for\u00e1il i Reacht na R\u00f3imhe den Ch\u00fairt Choiri\u00fail Idirn\u00e1isi\u00fanta (1998) chun c\u00fairt choiri\u00fail idirn\u00e1isi\u00fanta bhuan a bhun\u00fa faoi ch\u00f3ras na N\u00e1isi\u00fan Aontaithe. Is \u00e9 feidhm na C\u00fairte Coiri\u00fala Idirn\u00e1isi\u00fanta daoine at\u00e1 c\u00faisithe i gcinedh\u00edoth\u00fa, i gcoireanna in aghaidh na daonnachta, i gcoireanna cogaidh agus in ionsa\u00ed a thriail, in imthosca sainithe \u00e1irithe. Is c\u00fairt bhuan \u00ed, murab ionann agus na Bins\u00ed Coiri\u00fala Idirn\u00e1isi\u00fanta roimhe sin, amhail na cinn a bh\u00ed ag d\u00e9ile\u00e1il leis an Iar-I\u00fagslaiv agus le Ruanda, a rinneadh socruithe d\u2019fhadhb amh\u00e1in ar leith agus don fhadhb sin amh\u00e1in. T\u00e1 18 mbreitheamh l\u00e1naimseartha sa Ch\u00fairt nua agus t\u00e1 s\u00ed bunaithe sa H\u00e1ig san \u00cdsilt\u00edr. Go dt\u00ed seo (2001), t\u00e1 timpeall 140 t\u00edr tar \u00e9is Reacht na R\u00f3imhe a sh\u00edni\u00fa (\u00c9ire san \u00e1ireamh) agus t\u00e1 30 t\u00edr tar \u00e9is an Reacht a dhaingni\u00fa.<\/p>\n\n<p>Tr\u00edd an reifreann a rith, bh\u00ed an deis ag an St\u00e1t seo Reacht na R\u00f3imhe a dhaingni\u00fa. Ba \u00e9 an tionchar a bh\u00ed ag daingni\u00fa an Reachta n\u00e1 gur aistr\u00edodh gn\u00e9 \u00e1irithe den cheannasacht i gc\u00farsa\u00ed coiri\u00fala \u00f3 dhl\u00ednse f\u00e9ideartha ch\u00fairteanna na h\u00c9ireann chuig an gC\u00fairt Choiri\u00fail Idirn\u00e1isi\u00fanta. Ar dhaingni\u00fa an Reachta, d\u2019fh\u00e9adfa\u00ed duine, a raibh c\u00f3na\u00ed air n\u00f3 uirthi in \u00c9irinn, mar shampla, a ghabh\u00e1il anseo, agus, tr\u00ed n\u00f3s imeachta dl\u00edthi\u00fail cu\u00ed, \u00e9 n\u00f3 \u00ed a thabhairt os comhair na C\u00fairte Coiri\u00fala Idirn\u00e1isi\u00fanta sa H\u00e1ig mar gheall ar choireanna cogaidh. Bh\u00ed g\u00e1 le leas\u00fa a dh\u00e9anamh ar an mBunreacht ionas go bhf\u00e9adfaidh \u00c9ire Reacht na R\u00f3imhe a dhaingni\u00fa, \u00f3s rud \u00e9 go mbeadh s\u00e9 ar neamhr\u00e9ir le for\u00e1lacha an Bhunreachta maidir le ceannasacht agus maidir le cionta\u00ed a thriail mura nd\u00e9anfa\u00ed an leas\u00fa sin.<\/p>\n\n<p>Th\u00e1inig an Ch\u00fairt i bhfeidhm an 1 I\u00fail 2002 nuair a bh\u00ed an Reacht daingnithe ag 60 t\u00edr.<\/p>\n\n<p>Thoiligh na daoine leis an togra.<\/p>\n\n<div style=\"height:40px\" aria-hidden=\"true\" class=\"wp-block-spacer\"><\/div>\n\n<hr class=\"wp-block-separator has-alpha-channel-opacity is-style-wide sep\"\/>\n\n<div style=\"height:40px\" aria-hidden=\"true\" class=\"wp-block-spacer\"><\/div>\n\n<h3 class=\"wp-block-heading\">Tuarasc\u00e1il<\/h3>\n\n<p>N\u00edl aon t\u00e9acs Gaeilge den Tuairisc ar f\u00e1il agus mar sin t\u00e1 an nasc le t\u00e9acs B\u00e9arla an Tuairisc.<\/p>\n\n<p><\/p>\n\n<div class=\"wp-block-buttons is-content-justification-center is-layout-flex wp-container-core-buttons-is-layout-16018d1d wp-block-buttons-is-layout-flex\">\n<div class=\"wp-block-button is-style-fill is-signup bg-color-blue color-white rounded py-2 px-3 mt-1\"><a class=\"wp-block-button__link wp-element-button\" href=\"\/app\/uploads\/2023\/04\/reports-of-the-referendum-commission-international-criminal-court.pdf\" target=\"_blank\" rel=\"noreferrer noopener\">\u00cdosl\u00f3d\u00e1il an tuarasc\u00e1il <i class=\"fas fa-arrow-down\"><\/i><\/a><\/div>\n<\/div>\n\n<div style=\"height:40px\" aria-hidden=\"true\" class=\"wp-block-spacer\"><\/div>\n","protected":false},"excerpt":{"rendered":"<p>Reifreann ar an mBille um an Tr\u00ed\u00fa Leas\u00fa is Fiche ar an mBunreacht 2001 (Glacadh le Dl\u00ednse na C\u00fairte Coiri\u00fala Idirn\u00e1isi\u00fanta) Bh\u00ed reifreann ann an 7 Meitheamh 2001 maidir le togra chun glacadh le dl\u00ednse na C\u00fairte Coiri\u00fala Idirn\u00e1isi\u00fanta D\u00e9antar for\u00e1il i Reacht na R\u00f3imhe den Ch\u00fairt Choiri\u00fail Idirn\u00e1isi\u00fanta (1998) chun c\u00fairt choiri\u00fail idirn\u00e1isi\u00fanta bhuan &hellip; <a href=\"https:\/\/www.electoralcommission.ie\/ga\/reifreann\/glacadh-le-dlinse-na-cuirte-coiriula-idirnaisiunta\/\">Continued<\/a><\/p>\n","protected":false},"author":24,"featured_media":0,"comment_status":"open","ping_status":"open","sticky":false,"template":"","format":"standard","meta":{"_acf_changed":false,"_relevanssi_hide_post":"","_relevanssi_hide_content":"","_relevanssi_pin_for_all":"","_relevanssi_pin_keywords":"","_relevanssi_unpin_keywords":"","_relevanssi_related_keywords":"","_relevanssi_related_include_ids":"","_relevanssi_related_exclude_ids":"","_relevanssi_related_no_append":"","_relevanssi_related_not_related":"","_relevanssi_related_posts":"","_relevanssi_noindex_reason":"","_uag_custom_page_level_css":"","footnotes":""},"categories":[20],"tags":[],"class_list":["post-5043","post","type-post","status-publish","format-standard","hentry","category-reifreann"],"acf":[],"yoast_head":"<!-- This site is optimized with the Yoast SEO plugin v27.5 - https:\/\/yoast.com\/product\/yoast-seo-wordpress\/ -->\n<title>Glacadh le Dl\u00ednse na C\u00fairte Coiri\u00fala Idirn\u00e1isi\u00fanta - Coimisi\u00fan Toghch\u00e1in<\/title>\n<meta name=\"robots\" content=\"index, follow, max-snippet:-1, max-image-preview:large, max-video-preview:-1\" \/>\n<link rel=\"canonical\" href=\"https:\/\/www.electoralcommission.ie\/ga\/reifreann\/glacadh-le-dlinse-na-cuirte-coiriula-idirnaisiunta\/\" \/>\n<meta property=\"og:locale\" content=\"ga_IE\" \/>\n<meta property=\"og:type\" content=\"article\" \/>\n<meta property=\"og:title\" content=\"Glacadh le Dl\u00ednse na C\u00fairte Coiri\u00fala Idirn\u00e1isi\u00fanta - Coimisi\u00fan Toghch\u00e1in\" \/>\n<meta property=\"og:description\" content=\"Reifreann ar an mBille um an Tr\u00ed\u00fa Leas\u00fa is Fiche ar an mBunreacht 2001 (Glacadh le Dl\u00ednse na C\u00fairte Coiri\u00fala Idirn\u00e1isi\u00fanta) Bh\u00ed reifreann ann an 7 Meitheamh 2001 maidir le togra chun glacadh le dl\u00ednse na C\u00fairte Coiri\u00fala Idirn\u00e1isi\u00fanta D\u00e9antar for\u00e1il i Reacht na R\u00f3imhe den Ch\u00fairt Choiri\u00fail Idirn\u00e1isi\u00fanta (1998) chun c\u00fairt choiri\u00fail idirn\u00e1isi\u00fanta bhuan &hellip; Continued\" \/>\n<meta property=\"og:url\" content=\"https:\/\/www.electoralcommission.ie\/ga\/reifreann\/glacadh-le-dlinse-na-cuirte-coiriula-idirnaisiunta\/\" \/>\n<meta property=\"og:site_name\" content=\"Coimisi\u00fan Toghch\u00e1in\" \/>\n<meta property=\"article:published_time\" content=\"2001-06-07T10:51:00+00:00\" \/>\n<meta property=\"article:modified_time\" content=\"2023-05-30T11:36:56+00:00\" \/>\n<meta name=\"author\" content=\"Alice Kiernan\" \/>\n<meta name=\"twitter:card\" content=\"summary_large_image\" \/>\n<meta name=\"twitter:label1\" content=\"Written by\" \/>\n\t<meta name=\"twitter:data1\" content=\"Alice Kiernan\" \/>\n\t<meta name=\"twitter:label2\" content=\"Est. reading time\" \/>\n\t<meta name=\"twitter:data2\" content=\"2 minutes\" \/>\n<script type=\"application\/ld+json\" class=\"yoast-schema-graph\">{\"@context\":\"https:\\\/\\\/schema.org\",\"@graph\":[{\"@type\":\"Article\",\"@id\":\"https:\\\/\\\/www.electoralcommission.ie\\\/ga\\\/reifreann\\\/glacadh-le-dlinse-na-cuirte-coiriula-idirnaisiunta\\\/#article\",\"isPartOf\":{\"@id\":\"https:\\\/\\\/www.electoralcommission.ie\\\/ga\\\/reifreann\\\/glacadh-le-dlinse-na-cuirte-coiriula-idirnaisiunta\\\/\"},\"author\":{\"name\":\"Alice Kiernan\",\"@id\":\"https:\\\/\\\/www.electoralcommission.ie\\\/ga\\\/#\\\/schema\\\/person\\\/53e21c16ceb3db7d6dcc33a2c4883996\"},\"headline\":\"Glacadh le Dl\u00ednse na C\u00fairte Coiri\u00fala Idirn\u00e1isi\u00fanta\",\"datePublished\":\"2001-06-07T10:51:00+00:00\",\"dateModified\":\"2023-05-30T11:36:56+00:00\",\"mainEntityOfPage\":{\"@id\":\"https:\\\/\\\/www.electoralcommission.ie\\\/ga\\\/reifreann\\\/glacadh-le-dlinse-na-cuirte-coiriula-idirnaisiunta\\\/\"},\"wordCount\":442,\"commentCount\":0,\"articleSection\":[\"Reifreann\"],\"inLanguage\":\"ga-IE\",\"potentialAction\":[{\"@type\":\"CommentAction\",\"name\":\"Comment\",\"target\":[\"https:\\\/\\\/www.electoralcommission.ie\\\/ga\\\/reifreann\\\/glacadh-le-dlinse-na-cuirte-coiriula-idirnaisiunta\\\/#respond\"]}]},{\"@type\":\"WebPage\",\"@id\":\"https:\\\/\\\/www.electoralcommission.ie\\\/ga\\\/reifreann\\\/glacadh-le-dlinse-na-cuirte-coiriula-idirnaisiunta\\\/\",\"url\":\"https:\\\/\\\/www.electoralcommission.ie\\\/ga\\\/reifreann\\\/glacadh-le-dlinse-na-cuirte-coiriula-idirnaisiunta\\\/\",\"name\":\"Glacadh le Dl\u00ednse na C\u00fairte Coiri\u00fala Idirn\u00e1isi\u00fanta - Coimisi\u00fan Toghch\u00e1in\",\"isPartOf\":{\"@id\":\"https:\\\/\\\/www.electoralcommission.ie\\\/ga\\\/#website\"},\"datePublished\":\"2001-06-07T10:51:00+00:00\",\"dateModified\":\"2023-05-30T11:36:56+00:00\",\"author\":{\"@id\":\"https:\\\/\\\/www.electoralcommission.ie\\\/ga\\\/#\\\/schema\\\/person\\\/53e21c16ceb3db7d6dcc33a2c4883996\"},\"breadcrumb\":{\"@id\":\"https:\\\/\\\/www.electoralcommission.ie\\\/ga\\\/reifreann\\\/glacadh-le-dlinse-na-cuirte-coiriula-idirnaisiunta\\\/#breadcrumb\"},\"inLanguage\":\"ga-IE\",\"potentialAction\":[{\"@type\":\"ReadAction\",\"target\":[\"https:\\\/\\\/www.electoralcommission.ie\\\/ga\\\/reifreann\\\/glacadh-le-dlinse-na-cuirte-coiriula-idirnaisiunta\\\/\"]}]},{\"@type\":\"BreadcrumbList\",\"@id\":\"https:\\\/\\\/www.electoralcommission.ie\\\/ga\\\/reifreann\\\/glacadh-le-dlinse-na-cuirte-coiriula-idirnaisiunta\\\/#breadcrumb\",\"itemListElement\":[{\"@type\":\"ListItem\",\"position\":1,\"name\":\"Baile\",\"item\":\"https:\\\/\\\/www.electoralcommission.ie\\\/ga\\\/\"},{\"@type\":\"ListItem\",\"position\":2,\"name\":\"Glacadh le Dl\u00ednse na C\u00fairte Coiri\u00fala Idirn\u00e1isi\u00fanta\"}]},{\"@type\":\"WebSite\",\"@id\":\"https:\\\/\\\/www.electoralcommission.ie\\\/ga\\\/#website\",\"url\":\"https:\\\/\\\/www.electoralcommission.ie\\\/ga\\\/\",\"name\":\"Coimisi\u00fan Toghch\u00e1in\",\"description\":\"Ireland&#039;s Statutory, Independent Electoral Commission\",\"potentialAction\":[{\"@type\":\"SearchAction\",\"target\":{\"@type\":\"EntryPoint\",\"urlTemplate\":\"https:\\\/\\\/www.electoralcommission.ie\\\/ga\\\/?s={search_term_string}\"},\"query-input\":{\"@type\":\"PropertyValueSpecification\",\"valueRequired\":true,\"valueName\":\"search_term_string\"}}],\"inLanguage\":\"ga-IE\"},{\"@type\":\"Person\",\"@id\":\"https:\\\/\\\/www.electoralcommission.ie\\\/ga\\\/#\\\/schema\\\/person\\\/53e21c16ceb3db7d6dcc33a2c4883996\",\"name\":\"Alice Kiernan\",\"image\":{\"@type\":\"ImageObject\",\"inLanguage\":\"ga-IE\",\"@id\":\"https:\\\/\\\/secure.gravatar.com\\\/avatar\\\/b892423a2a7282b5cf798508025c3ffd71aed5ee74b4ca0ee9a873de6d1df693?s=96&d=mm&r=g\",\"url\":\"https:\\\/\\\/secure.gravatar.com\\\/avatar\\\/b892423a2a7282b5cf798508025c3ffd71aed5ee74b4ca0ee9a873de6d1df693?s=96&d=mm&r=g\",\"contentUrl\":\"https:\\\/\\\/secure.gravatar.com\\\/avatar\\\/b892423a2a7282b5cf798508025c3ffd71aed5ee74b4ca0ee9a873de6d1df693?s=96&d=mm&r=g\",\"caption\":\"Alice Kiernan\"}}]}<\/script>\n<!-- \/ Yoast SEO plugin. -->","yoast_head_json":{"title":"Glacadh le Dl\u00ednse na C\u00fairte Coiri\u00fala Idirn\u00e1isi\u00fanta - Coimisi\u00fan Toghch\u00e1in","robots":{"index":"index","follow":"follow","max-snippet":"max-snippet:-1","max-image-preview":"max-image-preview:large","max-video-preview":"max-video-preview:-1"},"canonical":"https:\/\/www.electoralcommission.ie\/ga\/reifreann\/glacadh-le-dlinse-na-cuirte-coiriula-idirnaisiunta\/","og_locale":"ga_IE","og_type":"article","og_title":"Glacadh le Dl\u00ednse na C\u00fairte Coiri\u00fala Idirn\u00e1isi\u00fanta - Coimisi\u00fan Toghch\u00e1in","og_description":"Reifreann ar an mBille um an Tr\u00ed\u00fa Leas\u00fa is Fiche ar an mBunreacht 2001 (Glacadh le Dl\u00ednse na C\u00fairte Coiri\u00fala Idirn\u00e1isi\u00fanta) Bh\u00ed reifreann ann an 7 Meitheamh 2001 maidir le togra chun glacadh le dl\u00ednse na C\u00fairte Coiri\u00fala Idirn\u00e1isi\u00fanta D\u00e9antar for\u00e1il i Reacht na R\u00f3imhe den Ch\u00fairt Choiri\u00fail Idirn\u00e1isi\u00fanta (1998) chun c\u00fairt choiri\u00fail idirn\u00e1isi\u00fanta bhuan &hellip; Continued","og_url":"https:\/\/www.electoralcommission.ie\/ga\/reifreann\/glacadh-le-dlinse-na-cuirte-coiriula-idirnaisiunta\/","og_site_name":"Coimisi\u00fan Toghch\u00e1in","article_published_time":"2001-06-07T10:51:00+00:00","article_modified_time":"2023-05-30T11:36:56+00:00","author":"Alice Kiernan","twitter_card":"summary_large_image","twitter_misc":{"Written by":"Alice Kiernan","Est. reading time":"2 minutes"},"schema":{"@context":"https:\/\/schema.org","@graph":[{"@type":"Article","@id":"https:\/\/www.electoralcommission.ie\/ga\/reifreann\/glacadh-le-dlinse-na-cuirte-coiriula-idirnaisiunta\/#article","isPartOf":{"@id":"https:\/\/www.electoralcommission.ie\/ga\/reifreann\/glacadh-le-dlinse-na-cuirte-coiriula-idirnaisiunta\/"},"author":{"name":"Alice Kiernan","@id":"https:\/\/www.electoralcommission.ie\/ga\/#\/schema\/person\/53e21c16ceb3db7d6dcc33a2c4883996"},"headline":"Glacadh le Dl\u00ednse na C\u00fairte Coiri\u00fala Idirn\u00e1isi\u00fanta","datePublished":"2001-06-07T10:51:00+00:00","dateModified":"2023-05-30T11:36:56+00:00","mainEntityOfPage":{"@id":"https:\/\/www.electoralcommission.ie\/ga\/reifreann\/glacadh-le-dlinse-na-cuirte-coiriula-idirnaisiunta\/"},"wordCount":442,"commentCount":0,"articleSection":["Reifreann"],"inLanguage":"ga-IE","potentialAction":[{"@type":"CommentAction","name":"Comment","target":["https:\/\/www.electoralcommission.ie\/ga\/reifreann\/glacadh-le-dlinse-na-cuirte-coiriula-idirnaisiunta\/#respond"]}]},{"@type":"WebPage","@id":"https:\/\/www.electoralcommission.ie\/ga\/reifreann\/glacadh-le-dlinse-na-cuirte-coiriula-idirnaisiunta\/","url":"https:\/\/www.electoralcommission.ie\/ga\/reifreann\/glacadh-le-dlinse-na-cuirte-coiriula-idirnaisiunta\/","name":"Glacadh le Dl\u00ednse na C\u00fairte Coiri\u00fala Idirn\u00e1isi\u00fanta - Coimisi\u00fan Toghch\u00e1in","isPartOf":{"@id":"https:\/\/www.electoralcommission.ie\/ga\/#website"},"datePublished":"2001-06-07T10:51:00+00:00","dateModified":"2023-05-30T11:36:56+00:00","author":{"@id":"https:\/\/www.electoralcommission.ie\/ga\/#\/schema\/person\/53e21c16ceb3db7d6dcc33a2c4883996"},"breadcrumb":{"@id":"https:\/\/www.electoralcommission.ie\/ga\/reifreann\/glacadh-le-dlinse-na-cuirte-coiriula-idirnaisiunta\/#breadcrumb"},"inLanguage":"ga-IE","potentialAction":[{"@type":"ReadAction","target":["https:\/\/www.electoralcommission.ie\/ga\/reifreann\/glacadh-le-dlinse-na-cuirte-coiriula-idirnaisiunta\/"]}]},{"@type":"BreadcrumbList","@id":"https:\/\/www.electoralcommission.ie\/ga\/reifreann\/glacadh-le-dlinse-na-cuirte-coiriula-idirnaisiunta\/#breadcrumb","itemListElement":[{"@type":"ListItem","position":1,"name":"Baile","item":"https:\/\/www.electoralcommission.ie\/ga\/"},{"@type":"ListItem","position":2,"name":"Glacadh le Dl\u00ednse na C\u00fairte Coiri\u00fala Idirn\u00e1isi\u00fanta"}]},{"@type":"WebSite","@id":"https:\/\/www.electoralcommission.ie\/ga\/#website","url":"https:\/\/www.electoralcommission.ie\/ga\/","name":"Coimisi\u00fan Toghch\u00e1in","description":"Ireland&#039;s Statutory, Independent Electoral Commission","potentialAction":[{"@type":"SearchAction","target":{"@type":"EntryPoint","urlTemplate":"https:\/\/www.electoralcommission.ie\/ga\/?s={search_term_string}"},"query-input":{"@type":"PropertyValueSpecification","valueRequired":true,"valueName":"search_term_string"}}],"inLanguage":"ga-IE"},{"@type":"Person","@id":"https:\/\/www.electoralcommission.ie\/ga\/#\/schema\/person\/53e21c16ceb3db7d6dcc33a2c4883996","name":"Alice Kiernan","image":{"@type":"ImageObject","inLanguage":"ga-IE","@id":"https:\/\/secure.gravatar.com\/avatar\/b892423a2a7282b5cf798508025c3ffd71aed5ee74b4ca0ee9a873de6d1df693?s=96&d=mm&r=g","url":"https:\/\/secure.gravatar.com\/avatar\/b892423a2a7282b5cf798508025c3ffd71aed5ee74b4ca0ee9a873de6d1df693?s=96&d=mm&r=g","contentUrl":"https:\/\/secure.gravatar.com\/avatar\/b892423a2a7282b5cf798508025c3ffd71aed5ee74b4ca0ee9a873de6d1df693?s=96&d=mm&r=g","caption":"Alice Kiernan"}}]}},"uagb_featured_image_src":{"full":false,"thumbnail":false,"medium":false,"medium_large":false,"large":false,"1536x1536":false,"2048x2048":false,"gform-image-choice-sm":false,"gform-image-choice-md":false,"gform-image-choice-lg":false},"uagb_author_info":{"display_name":"Alice Kiernan","author_link":"https:\/\/www.electoralcommission.ie\/ga\/author\/alice-kiernan\/"},"uagb_comment_info":0,"uagb_excerpt":"Reifreann ar an mBille um an Tr\u00ed\u00fa Leas\u00fa is Fiche ar an mBunreacht 2001 (Glacadh le Dl\u00ednse na C\u00fairte Coiri\u00fala Idirn\u00e1isi\u00fanta) Bh\u00ed reifreann ann an 7 Meitheamh 2001 maidir le togra chun glacadh le dl\u00ednse na C\u00fairte Coiri\u00fala Idirn\u00e1isi\u00fanta D\u00e9antar for\u00e1il i Reacht na R\u00f3imhe den Ch\u00fairt Choiri\u00fail Idirn\u00e1isi\u00fanta (1998) chun c\u00fairt choiri\u00fail idirn\u00e1isi\u00fanta bhuan&hellip;","_links":{"self":[{"href":"https:\/\/www.electoralcommission.ie\/ga\/wp-json\/wp\/v2\/posts\/5043","targetHints":{"allow":["GET"]}}],"collection":[{"href":"https:\/\/www.electoralcommission.ie\/ga\/wp-json\/wp\/v2\/posts"}],"about":[{"href":"https:\/\/www.electoralcommission.ie\/ga\/wp-json\/wp\/v2\/types\/post"}],"author":[{"embeddable":true,"href":"https:\/\/www.electoralcommission.ie\/ga\/wp-json\/wp\/v2\/users\/24"}],"replies":[{"embeddable":true,"href":"https:\/\/www.electoralcommission.ie\/ga\/wp-json\/wp\/v2\/comments?post=5043"}],"version-history":[{"count":4,"href":"https:\/\/www.electoralcommission.ie\/ga\/wp-json\/wp\/v2\/posts\/5043\/revisions"}],"predecessor-version":[{"id":5258,"href":"https:\/\/www.electoralcommission.ie\/ga\/wp-json\/wp\/v2\/posts\/5043\/revisions\/5258"}],"wp:attachment":[{"href":"https:\/\/www.electoralcommission.ie\/ga\/wp-json\/wp\/v2\/media?parent=5043"}],"wp:term":[{"taxonomy":"category","embeddable":true,"href":"https:\/\/www.electoralcommission.ie\/ga\/wp-json\/wp\/v2\/categories?post=5043"},{"taxonomy":"post_tag","embeddable":true,"href":"https:\/\/www.electoralcommission.ie\/ga\/wp-json\/wp\/v2\/tags?post=5043"}],"curies":[{"name":"wp","href":"https:\/\/api.w.org\/{rel}","templated":true}]}}