
{"id":5045,"date":"2001-06-07T13:40:00","date_gmt":"2001-06-07T12:40:00","guid":{"rendered":"https:\/\/www.electoralcommission.ie\/pionos-an-bhais-a-chur-ar-ceal\/"},"modified":"2023-05-30T12:36:43","modified_gmt":"2023-05-30T11:36:43","slug":"pionos-an-bhais-a-chur-ar-ceal","status":"publish","type":"post","link":"https:\/\/www.electoralcommission.ie\/ga\/reifreann\/pionos-an-bhais-a-chur-ar-ceal\/","title":{"rendered":"Pion\u00f3s an Bh\u00e1is a Chur ar Ceal"},"content":{"rendered":"\n<h2 class=\"wp-block-heading\">\n          <strong>Reifreann ar an mBille um an Aon\u00fa Leas\u00fa is Fiche ar an mBunreacht(Uimh. 2) 2001 (Pion\u00f3s an Bh\u00e1is a Chur ar Ceal)<\/strong>\n        <\/h2>\n\n<p>Bh\u00ed reifreann ann an 7 Meitheamh 2001 maidir le togra chun gach tagairt do phion\u00f3s an bh\u00e1is a scriosadh \u00f3n mBunreacht.<\/p>\n\n<p>Rinneadh leas\u00fa ar cheithre fhor\u00e1il ar leith sa Bhunreacht, agus ba \u00e9 an tionchar a bh\u00ed ag na ceithre leas\u00fa sin n\u00e1 gach tagairt do phion\u00f3s an bh\u00e1is a bh\u00ed f\u00e1gtha sa Bhunreacht a scriosadh agus cosc a chur ar thabhairt isteach an phion\u00f3is sin ar\u00eds faoi imthosca ar bith, fi\u00fa i gc\u00e1s ina bhfuil staid \u00e9igeand\u00e1la i gceist. Toirmisctear ar an Oireachtas anois aon dl\u00ed a acht\u00fa lena nd\u00e9antar for\u00e1il chun pion\u00f3s an bh\u00e1is a ghearradh.<\/p>\n\n<p>Thoiligh na daoine leis an togra.<\/p>\n\n<div style=\"height:40px\" aria-hidden=\"true\" class=\"wp-block-spacer\"><\/div>\n\n<hr class=\"wp-block-separator has-alpha-channel-opacity is-style-wide sep\"\/>\n\n<div style=\"height:40px\" aria-hidden=\"true\" class=\"wp-block-spacer\"><\/div>\n\n<h3 class=\"wp-block-heading\">Tuarasc\u00e1il<\/h3>\n\n<p>N\u00edl aon t\u00e9acs Gaeilge den Tuairisc ar f\u00e1il agus mar sin t\u00e1 an nasc le t\u00e9acs B\u00e9arla an Tuairisc.<\/p>\n\n<div class=\"wp-block-buttons is-content-justification-center is-layout-flex wp-container-core-buttons-is-layout-16018d1d wp-block-buttons-is-layout-flex\">\n<div class=\"wp-block-button is-style-fill is-signup bg-color-blue color-white rounded py-2 px-3 mt-1\"><a class=\"wp-block-button__link wp-element-button\" href=\"\/app\/uploads\/2023\/04\/reports-of-the-referendum-commission-abolition-of-death-penalty.pdf\" target=\"_blank\" rel=\"noreferrer noopener\">\u00cdosl\u00f3d\u00e1il an tuarasc\u00e1il <i class=\"fas fa-arrow-down\"><\/i><\/a><\/div>\n<\/div>\n\n<div style=\"height:40px\" aria-hidden=\"true\" class=\"wp-block-spacer\"><\/div>\n","protected":false},"excerpt":{"rendered":"<p>Reifreann ar an mBille um an Aon\u00fa Leas\u00fa is Fiche ar an mBunreacht(Uimh. 2) 2001 (Pion\u00f3s an Bh\u00e1is a Chur ar Ceal) Bh\u00ed reifreann ann an 7 Meitheamh 2001 maidir le togra chun gach tagairt do phion\u00f3s an bh\u00e1is a scriosadh \u00f3n mBunreacht. Rinneadh leas\u00fa ar cheithre fhor\u00e1il ar leith sa Bhunreacht, agus ba \u00e9 &hellip; <a href=\"https:\/\/www.electoralcommission.ie\/ga\/reifreann\/pionos-an-bhais-a-chur-ar-ceal\/\">Continued<\/a><\/p>\n","protected":false},"author":24,"featured_media":0,"comment_status":"open","ping_status":"open","sticky":false,"template":"","format":"standard","meta":{"_acf_changed":false,"_relevanssi_hide_post":"","_relevanssi_hide_content":"","_relevanssi_pin_for_all":"","_relevanssi_pin_keywords":"","_relevanssi_unpin_keywords":"","_relevanssi_related_keywords":"","_relevanssi_related_include_ids":"","_relevanssi_related_exclude_ids":"","_relevanssi_related_no_append":"","_relevanssi_related_not_related":"","_relevanssi_related_posts":"","_relevanssi_noindex_reason":"","_uag_custom_page_level_css":"","footnotes":""},"categories":[20],"tags":[],"class_list":["post-5045","post","type-post","status-publish","format-standard","hentry","category-reifreann"],"acf":[],"yoast_head":"<!-- This site is optimized with the Yoast SEO plugin v27.5 - https:\/\/yoast.com\/product\/yoast-seo-wordpress\/ -->\n<title>Pion\u00f3s an Bh\u00e1is a Chur ar Ceal - Coimisi\u00fan Toghch\u00e1in<\/title>\n<meta name=\"robots\" content=\"index, follow, max-snippet:-1, max-image-preview:large, max-video-preview:-1\" \/>\n<link rel=\"canonical\" href=\"https:\/\/www.electoralcommission.ie\/ga\/reifreann\/pionos-an-bhais-a-chur-ar-ceal\/\" \/>\n<meta property=\"og:locale\" content=\"ga_IE\" \/>\n<meta property=\"og:type\" content=\"article\" \/>\n<meta property=\"og:title\" content=\"Pion\u00f3s an Bh\u00e1is a Chur ar Ceal - Coimisi\u00fan Toghch\u00e1in\" \/>\n<meta property=\"og:description\" content=\"Reifreann ar an mBille um an Aon\u00fa Leas\u00fa is Fiche ar an mBunreacht(Uimh. 2) 2001 (Pion\u00f3s an Bh\u00e1is a Chur ar Ceal) Bh\u00ed reifreann ann an 7 Meitheamh 2001 maidir le togra chun gach tagairt do phion\u00f3s an bh\u00e1is a scriosadh \u00f3n mBunreacht. Rinneadh leas\u00fa ar cheithre fhor\u00e1il ar leith sa Bhunreacht, agus ba \u00e9 &hellip; Continued\" \/>\n<meta property=\"og:url\" content=\"https:\/\/www.electoralcommission.ie\/ga\/reifreann\/pionos-an-bhais-a-chur-ar-ceal\/\" \/>\n<meta property=\"og:site_name\" content=\"Coimisi\u00fan Toghch\u00e1in\" \/>\n<meta property=\"article:published_time\" content=\"2001-06-07T12:40:00+00:00\" \/>\n<meta property=\"article:modified_time\" content=\"2023-05-30T11:36:43+00:00\" \/>\n<meta name=\"author\" content=\"Alice Kiernan\" \/>\n<meta name=\"twitter:card\" content=\"summary_large_image\" \/>\n<meta name=\"twitter:label1\" content=\"Written by\" \/>\n\t<meta name=\"twitter:data1\" content=\"Alice Kiernan\" \/>\n\t<meta name=\"twitter:label2\" content=\"Est. reading time\" \/>\n\t<meta name=\"twitter:data2\" content=\"1 minute\" \/>\n<script type=\"application\/ld+json\" class=\"yoast-schema-graph\">{\"@context\":\"https:\\\/\\\/schema.org\",\"@graph\":[{\"@type\":\"Article\",\"@id\":\"https:\\\/\\\/www.electoralcommission.ie\\\/ga\\\/reifreann\\\/pionos-an-bhais-a-chur-ar-ceal\\\/#article\",\"isPartOf\":{\"@id\":\"https:\\\/\\\/www.electoralcommission.ie\\\/ga\\\/reifreann\\\/pionos-an-bhais-a-chur-ar-ceal\\\/\"},\"author\":{\"name\":\"Alice Kiernan\",\"@id\":\"https:\\\/\\\/www.electoralcommission.ie\\\/ga\\\/#\\\/schema\\\/person\\\/53e21c16ceb3db7d6dcc33a2c4883996\"},\"headline\":\"Pion\u00f3s an Bh\u00e1is a Chur ar Ceal\",\"datePublished\":\"2001-06-07T12:40:00+00:00\",\"dateModified\":\"2023-05-30T11:36:43+00:00\",\"mainEntityOfPage\":{\"@id\":\"https:\\\/\\\/www.electoralcommission.ie\\\/ga\\\/reifreann\\\/pionos-an-bhais-a-chur-ar-ceal\\\/\"},\"wordCount\":179,\"commentCount\":0,\"articleSection\":[\"Reifreann\"],\"inLanguage\":\"ga-IE\",\"potentialAction\":[{\"@type\":\"CommentAction\",\"name\":\"Comment\",\"target\":[\"https:\\\/\\\/www.electoralcommission.ie\\\/ga\\\/reifreann\\\/pionos-an-bhais-a-chur-ar-ceal\\\/#respond\"]}]},{\"@type\":\"WebPage\",\"@id\":\"https:\\\/\\\/www.electoralcommission.ie\\\/ga\\\/reifreann\\\/pionos-an-bhais-a-chur-ar-ceal\\\/\",\"url\":\"https:\\\/\\\/www.electoralcommission.ie\\\/ga\\\/reifreann\\\/pionos-an-bhais-a-chur-ar-ceal\\\/\",\"name\":\"Pion\u00f3s an Bh\u00e1is a Chur ar Ceal - Coimisi\u00fan Toghch\u00e1in\",\"isPartOf\":{\"@id\":\"https:\\\/\\\/www.electoralcommission.ie\\\/ga\\\/#website\"},\"datePublished\":\"2001-06-07T12:40:00+00:00\",\"dateModified\":\"2023-05-30T11:36:43+00:00\",\"author\":{\"@id\":\"https:\\\/\\\/www.electoralcommission.ie\\\/ga\\\/#\\\/schema\\\/person\\\/53e21c16ceb3db7d6dcc33a2c4883996\"},\"breadcrumb\":{\"@id\":\"https:\\\/\\\/www.electoralcommission.ie\\\/ga\\\/reifreann\\\/pionos-an-bhais-a-chur-ar-ceal\\\/#breadcrumb\"},\"inLanguage\":\"ga-IE\",\"potentialAction\":[{\"@type\":\"ReadAction\",\"target\":[\"https:\\\/\\\/www.electoralcommission.ie\\\/ga\\\/reifreann\\\/pionos-an-bhais-a-chur-ar-ceal\\\/\"]}]},{\"@type\":\"BreadcrumbList\",\"@id\":\"https:\\\/\\\/www.electoralcommission.ie\\\/ga\\\/reifreann\\\/pionos-an-bhais-a-chur-ar-ceal\\\/#breadcrumb\",\"itemListElement\":[{\"@type\":\"ListItem\",\"position\":1,\"name\":\"Baile\",\"item\":\"https:\\\/\\\/www.electoralcommission.ie\\\/ga\\\/\"},{\"@type\":\"ListItem\",\"position\":2,\"name\":\"Pion\u00f3s an Bh\u00e1is a Chur ar Ceal\"}]},{\"@type\":\"WebSite\",\"@id\":\"https:\\\/\\\/www.electoralcommission.ie\\\/ga\\\/#website\",\"url\":\"https:\\\/\\\/www.electoralcommission.ie\\\/ga\\\/\",\"name\":\"Coimisi\u00fan Toghch\u00e1in\",\"description\":\"Ireland&#039;s Statutory, Independent Electoral Commission\",\"potentialAction\":[{\"@type\":\"SearchAction\",\"target\":{\"@type\":\"EntryPoint\",\"urlTemplate\":\"https:\\\/\\\/www.electoralcommission.ie\\\/ga\\\/?s={search_term_string}\"},\"query-input\":{\"@type\":\"PropertyValueSpecification\",\"valueRequired\":true,\"valueName\":\"search_term_string\"}}],\"inLanguage\":\"ga-IE\"},{\"@type\":\"Person\",\"@id\":\"https:\\\/\\\/www.electoralcommission.ie\\\/ga\\\/#\\\/schema\\\/person\\\/53e21c16ceb3db7d6dcc33a2c4883996\",\"name\":\"Alice Kiernan\",\"image\":{\"@type\":\"ImageObject\",\"inLanguage\":\"ga-IE\",\"@id\":\"https:\\\/\\\/secure.gravatar.com\\\/avatar\\\/b892423a2a7282b5cf798508025c3ffd71aed5ee74b4ca0ee9a873de6d1df693?s=96&d=mm&r=g\",\"url\":\"https:\\\/\\\/secure.gravatar.com\\\/avatar\\\/b892423a2a7282b5cf798508025c3ffd71aed5ee74b4ca0ee9a873de6d1df693?s=96&d=mm&r=g\",\"contentUrl\":\"https:\\\/\\\/secure.gravatar.com\\\/avatar\\\/b892423a2a7282b5cf798508025c3ffd71aed5ee74b4ca0ee9a873de6d1df693?s=96&d=mm&r=g\",\"caption\":\"Alice Kiernan\"}}]}<\/script>\n<!-- \/ Yoast SEO plugin. -->","yoast_head_json":{"title":"Pion\u00f3s an Bh\u00e1is a Chur ar Ceal - Coimisi\u00fan Toghch\u00e1in","robots":{"index":"index","follow":"follow","max-snippet":"max-snippet:-1","max-image-preview":"max-image-preview:large","max-video-preview":"max-video-preview:-1"},"canonical":"https:\/\/www.electoralcommission.ie\/ga\/reifreann\/pionos-an-bhais-a-chur-ar-ceal\/","og_locale":"ga_IE","og_type":"article","og_title":"Pion\u00f3s an Bh\u00e1is a Chur ar Ceal - Coimisi\u00fan Toghch\u00e1in","og_description":"Reifreann ar an mBille um an Aon\u00fa Leas\u00fa is Fiche ar an mBunreacht(Uimh. 2) 2001 (Pion\u00f3s an Bh\u00e1is a Chur ar Ceal) Bh\u00ed reifreann ann an 7 Meitheamh 2001 maidir le togra chun gach tagairt do phion\u00f3s an bh\u00e1is a scriosadh \u00f3n mBunreacht. Rinneadh leas\u00fa ar cheithre fhor\u00e1il ar leith sa Bhunreacht, agus ba \u00e9 &hellip; Continued","og_url":"https:\/\/www.electoralcommission.ie\/ga\/reifreann\/pionos-an-bhais-a-chur-ar-ceal\/","og_site_name":"Coimisi\u00fan Toghch\u00e1in","article_published_time":"2001-06-07T12:40:00+00:00","article_modified_time":"2023-05-30T11:36:43+00:00","author":"Alice Kiernan","twitter_card":"summary_large_image","twitter_misc":{"Written by":"Alice Kiernan","Est. reading time":"1 minute"},"schema":{"@context":"https:\/\/schema.org","@graph":[{"@type":"Article","@id":"https:\/\/www.electoralcommission.ie\/ga\/reifreann\/pionos-an-bhais-a-chur-ar-ceal\/#article","isPartOf":{"@id":"https:\/\/www.electoralcommission.ie\/ga\/reifreann\/pionos-an-bhais-a-chur-ar-ceal\/"},"author":{"name":"Alice Kiernan","@id":"https:\/\/www.electoralcommission.ie\/ga\/#\/schema\/person\/53e21c16ceb3db7d6dcc33a2c4883996"},"headline":"Pion\u00f3s an Bh\u00e1is a Chur ar Ceal","datePublished":"2001-06-07T12:40:00+00:00","dateModified":"2023-05-30T11:36:43+00:00","mainEntityOfPage":{"@id":"https:\/\/www.electoralcommission.ie\/ga\/reifreann\/pionos-an-bhais-a-chur-ar-ceal\/"},"wordCount":179,"commentCount":0,"articleSection":["Reifreann"],"inLanguage":"ga-IE","potentialAction":[{"@type":"CommentAction","name":"Comment","target":["https:\/\/www.electoralcommission.ie\/ga\/reifreann\/pionos-an-bhais-a-chur-ar-ceal\/#respond"]}]},{"@type":"WebPage","@id":"https:\/\/www.electoralcommission.ie\/ga\/reifreann\/pionos-an-bhais-a-chur-ar-ceal\/","url":"https:\/\/www.electoralcommission.ie\/ga\/reifreann\/pionos-an-bhais-a-chur-ar-ceal\/","name":"Pion\u00f3s an Bh\u00e1is a Chur ar Ceal - Coimisi\u00fan Toghch\u00e1in","isPartOf":{"@id":"https:\/\/www.electoralcommission.ie\/ga\/#website"},"datePublished":"2001-06-07T12:40:00+00:00","dateModified":"2023-05-30T11:36:43+00:00","author":{"@id":"https:\/\/www.electoralcommission.ie\/ga\/#\/schema\/person\/53e21c16ceb3db7d6dcc33a2c4883996"},"breadcrumb":{"@id":"https:\/\/www.electoralcommission.ie\/ga\/reifreann\/pionos-an-bhais-a-chur-ar-ceal\/#breadcrumb"},"inLanguage":"ga-IE","potentialAction":[{"@type":"ReadAction","target":["https:\/\/www.electoralcommission.ie\/ga\/reifreann\/pionos-an-bhais-a-chur-ar-ceal\/"]}]},{"@type":"BreadcrumbList","@id":"https:\/\/www.electoralcommission.ie\/ga\/reifreann\/pionos-an-bhais-a-chur-ar-ceal\/#breadcrumb","itemListElement":[{"@type":"ListItem","position":1,"name":"Baile","item":"https:\/\/www.electoralcommission.ie\/ga\/"},{"@type":"ListItem","position":2,"name":"Pion\u00f3s an Bh\u00e1is a Chur ar Ceal"}]},{"@type":"WebSite","@id":"https:\/\/www.electoralcommission.ie\/ga\/#website","url":"https:\/\/www.electoralcommission.ie\/ga\/","name":"Coimisi\u00fan Toghch\u00e1in","description":"Ireland&#039;s Statutory, Independent Electoral Commission","potentialAction":[{"@type":"SearchAction","target":{"@type":"EntryPoint","urlTemplate":"https:\/\/www.electoralcommission.ie\/ga\/?s={search_term_string}"},"query-input":{"@type":"PropertyValueSpecification","valueRequired":true,"valueName":"search_term_string"}}],"inLanguage":"ga-IE"},{"@type":"Person","@id":"https:\/\/www.electoralcommission.ie\/ga\/#\/schema\/person\/53e21c16ceb3db7d6dcc33a2c4883996","name":"Alice Kiernan","image":{"@type":"ImageObject","inLanguage":"ga-IE","@id":"https:\/\/secure.gravatar.com\/avatar\/b892423a2a7282b5cf798508025c3ffd71aed5ee74b4ca0ee9a873de6d1df693?s=96&d=mm&r=g","url":"https:\/\/secure.gravatar.com\/avatar\/b892423a2a7282b5cf798508025c3ffd71aed5ee74b4ca0ee9a873de6d1df693?s=96&d=mm&r=g","contentUrl":"https:\/\/secure.gravatar.com\/avatar\/b892423a2a7282b5cf798508025c3ffd71aed5ee74b4ca0ee9a873de6d1df693?s=96&d=mm&r=g","caption":"Alice Kiernan"}}]}},"uagb_featured_image_src":{"full":false,"thumbnail":false,"medium":false,"medium_large":false,"large":false,"1536x1536":false,"2048x2048":false,"gform-image-choice-sm":false,"gform-image-choice-md":false,"gform-image-choice-lg":false},"uagb_author_info":{"display_name":"Alice Kiernan","author_link":"https:\/\/www.electoralcommission.ie\/ga\/author\/alice-kiernan\/"},"uagb_comment_info":0,"uagb_excerpt":"Reifreann ar an mBille um an Aon\u00fa Leas\u00fa is Fiche ar an mBunreacht(Uimh. 2) 2001 (Pion\u00f3s an Bh\u00e1is a Chur ar Ceal) Bh\u00ed reifreann ann an 7 Meitheamh 2001 maidir le togra chun gach tagairt do phion\u00f3s an bh\u00e1is a scriosadh \u00f3n mBunreacht. Rinneadh leas\u00fa ar cheithre fhor\u00e1il ar leith sa Bhunreacht, agus ba \u00e9&hellip;","_links":{"self":[{"href":"https:\/\/www.electoralcommission.ie\/ga\/wp-json\/wp\/v2\/posts\/5045","targetHints":{"allow":["GET"]}}],"collection":[{"href":"https:\/\/www.electoralcommission.ie\/ga\/wp-json\/wp\/v2\/posts"}],"about":[{"href":"https:\/\/www.electoralcommission.ie\/ga\/wp-json\/wp\/v2\/types\/post"}],"author":[{"embeddable":true,"href":"https:\/\/www.electoralcommission.ie\/ga\/wp-json\/wp\/v2\/users\/24"}],"replies":[{"embeddable":true,"href":"https:\/\/www.electoralcommission.ie\/ga\/wp-json\/wp\/v2\/comments?post=5045"}],"version-history":[{"count":4,"href":"https:\/\/www.electoralcommission.ie\/ga\/wp-json\/wp\/v2\/posts\/5045\/revisions"}],"predecessor-version":[{"id":5255,"href":"https:\/\/www.electoralcommission.ie\/ga\/wp-json\/wp\/v2\/posts\/5045\/revisions\/5255"}],"wp:attachment":[{"href":"https:\/\/www.electoralcommission.ie\/ga\/wp-json\/wp\/v2\/media?parent=5045"}],"wp:term":[{"taxonomy":"category","embeddable":true,"href":"https:\/\/www.electoralcommission.ie\/ga\/wp-json\/wp\/v2\/categories?post=5045"},{"taxonomy":"post_tag","embeddable":true,"href":"https:\/\/www.electoralcommission.ie\/ga\/wp-json\/wp\/v2\/tags?post=5045"}],"curies":[{"name":"wp","href":"https:\/\/api.w.org\/{rel}","templated":true}]}}