
{"id":7827,"date":"2024-02-23T14:35:39","date_gmt":"2024-02-23T14:35:39","guid":{"rendered":"https:\/\/www.electoralcommission.ie\/uncategorized-ga\/deimhnitear-pairtithe-mar-chomhlachtai-ceadaithe-le-haghaidh-reifrinn-an-8-marta\/"},"modified":"2024-05-10T15:40:20","modified_gmt":"2024-05-10T14:40:20","slug":"deimhnitear-pairtithe-mar-chomhlachtai-ceadaithe-le-haghaidh-reifrinn-an-8-marta","status":"publish","type":"post","link":"https:\/\/www.electoralcommission.ie\/ga\/nuacht-is-deanai-agus-taighde\/deimhnitear-pairtithe-mar-chomhlachtai-ceadaithe-le-haghaidh-reifrinn-an-8-marta\/","title":{"rendered":"Deimhn\u00edtear P\u00e1irtithe mar \u201cChomhlachta\u00ed Ceadaithe\u201d le haghaidh Reifrinn an 8 M\u00e1rta"},"content":{"rendered":"\n<p><strong>23 Feabhra 2024<\/strong> \u2013 Thug an Coimisi\u00fan Toghch\u00e1in, coimisi\u00fan neamhsple\u00e1ch toghch\u00e1in na h\u00c9ireann, f\u00f3gra inniu gur chl\u00e1raigh c\u00faig ph\u00e1irt\u00ed polait\u00edochta leis an gCoimisi\u00fan le bheith ina \u201cgComhlachta\u00ed Ceadaithe\u201d le haghaidh Reifrinn an 8 M\u00e1rta.<\/p>\n\n<p>Tugadh f\u00f3gra i dtaobh na gComhlachta\u00ed Ceadaithe sin do Cheann Comhraimh an Reifrinn mar a leagtar amach san Acht um Athch\u00f3iri\u00fa Toghch\u00e1in (2022).<\/p>\n\n<p>Is iad na P\u00e1irtithe Polait\u00edochta cl\u00e1raithe:<\/p>\n\n<ul class=\"wp-block-list\">\n<li>Fine Gael<\/li>\n\n\n\n<li>Ireland First<\/li>\n\n\n\n<li>The Green Party\/ Comhaontas Glas<\/li>\n\n\n\n<li>Fianna F\u00e1il<\/li>\n\n\n\n<li>Sinn F\u00e9in<\/li>\n<\/ul>\n\n<p>Is f\u00e9idir le comhlachta\u00ed ceadaithe gn\u00edomhair\u00ed a cheapadh chun an m\u00e9id seo a leanas a dh\u00e9anamh:<\/p>\n\n<ul class=\"wp-block-list\">\n<li>Bheith i l\u00e1thair nuair a dh\u00e9antar p\u00e1ip\u00e9ir bhall\u00f3ide a eisi\u00faint chuig postv\u00f3t\u00e1laithe, nuair a oscla\u00edtear p\u00e1ip\u00e9ir bhall\u00f3ide postv\u00f3t\u00e1laithe, agus nuair a dh\u00e9antar v\u00f3ta\u00ed a chomhaireamh.<\/li>\n\n\n\n<li>Freastal ar gach st\u00e1isi\u00fan v\u00f3t\u00e1la (duine amh\u00e1in in aghaidh an st\u00e1isi\u00fain v\u00f3t\u00e1la) chun cuidi\u00fa le hoifigigh an toghch\u00e1in an cion toghch\u00e1in de phearsana\u00edocht a bhrath.<\/li>\n<\/ul>\n\n<p>Foils\u00edodh an f\u00f3gra foirmi\u00fail inniu in iris oifigi\u00fail St\u00e1t na h\u00c9ireann, an Iris Oifigi\u00fail.<\/p>\n\n<p><strong>\u2013 CR\u00cdOCH \u2013<\/strong><\/p>\n\n<p><strong>Le tuilleadh faisn\u00e9ise a fh\u00e1il, d\u00e9an teagmh\u00e1il le:<\/strong><\/p>\n\n<p>Brian Dawson, Bainisteoir Cumars\u00e1ide agus Rannph\u00e1irteachas an Phobail,<\/p>\n\n<p>An Coimisi\u00fan Toghch\u00e1in,<\/p>\n\n<p><a href=\"mailto:Brian.dawson@electoralcommission.ie\">Brian.dawson@electoralcommission.ie<\/a> \/ 086 0749344<\/p>\n\n<p><strong>N\u00f3ta d\u2019Eagarth\u00f3ir\u00ed:<\/strong><\/p>\n\n<p><strong>An Coimisi\u00fan Toghch\u00e1in<\/strong><\/p>\n\n<p>Is comhlacht reacht\u00fail neamhsple\u00e1ch \u00e9 an Coimisi\u00fan Toghch\u00e1in a buna\u00edodh an 9 Feabhra 2023 ag a bhfuil freagracht as raon leathan d\u2019fheidhmeanna toghch\u00e1in a leagtar amach san <em>Acht um Athch\u00f3iri\u00fa Toghch\u00e1in, 2022<\/em>. \u2022 tabhairt faoi athbhreithnithe agus tuarasc\u00e1lacha a chur i dtoll a ch\u00e9ile faoi thoghcheantair le haghaidh comhalta\u00ed a thoghadh don D\u00e1il agus comhalta\u00ed a thoghadh do Pharlaimint na hEorpa; agus<\/p>\n\n<ul class=\"wp-block-list\">\n<li>\u2022 freagracht as p\u00e1irtithe polait\u00edochta a chl\u00e1r\u00fa, agus Cl\u00e1r na bP\u00e1irtithe Polait\u00edochta a ullmh\u00fa agus a chothabh\u00e1il.<\/li>\n\n\n\n<li>\u2022 na seirbh\u00eds\u00ed cinnteoireachta, maoirseachta, r\u00fana\u00edochta agus taca\u00edochta a bhaineann le h\u00e1bhar na dtogra\u00ed reifrinn a mh\u00edni\u00fa, cur chun cinn fheasacht an phobail ar reifrinn agus spreagadh na dtoghth\u00f3ir\u00ed chun v\u00f3ta a chaitheamh ar reifrinn.<\/li>\n\n\n\n<li>athbhreithnithe a dh\u00e9anamh agus tuarasc\u00e1lacha a chur le ch\u00e9ile maidir leis na toghcheantair le haghaidh Teachta\u00ed D\u00e1la agus Feisir\u00ed Pharlaimint na hEorpa a thoghadh; agus<\/li>\n\n\n\n<li>tuarasc\u00e1lacha a chur faoi bhr\u00e1id an Aire maidir le teorainneacha toghcheantar \u00e1iti\u00fail.<\/li>\n<\/ul>\n\n<p>Leagtar c\u00faraim\u00ed ar an gCoimisi\u00fan freisin i dtaobh r\u00f3il nua toghch\u00e1in \u00e9ags\u00fala san Acht um Athch\u00f3iri\u00fa Toghch\u00e1in, ina measc:<\/p>\n\n<ul class=\"wp-block-list\">\n<li>\u2022 cl\u00e1ir taighde a ullmh\u00fa agus taighde a dh\u00e9anamh ar bheartas agus n\u00f3s imeachta toghch\u00e1in, agus comhairle a thabhairt, de r\u00e9ir mar is g\u00e1, don Aire agus don Rialtas.<\/li>\n\n\n\n<li>\u2022 feasacht an phobail ar phr\u00f3isis toghch\u00e1in agus dhaonlathacha an St\u00e1it a chur chun cinn, agus oibri\u00fa chun rannph\u00e1irt\u00edocht an phobail iontu a mh\u00e9ad\u00fa, tr\u00ed chl\u00e1ir oideachais agus eolais;<\/li>\n\n\n\n<li>\u2022 maoirseacht a dh\u00e9anamh ar an gCl\u00e1r Toghth\u00f3ir\u00ed nua-aimseartha, molta\u00ed a dh\u00e9anamh agus caighde\u00e1in a leagan maidir le cothabh\u00e1il agus nuashonr\u00fa;<\/li>\n\n\n\n<li>\u2022 freagracht as f\u00f3gra\u00edocht pholaiti\u00fail ar l\u00edne a n-\u00edoctar as a rial\u00fa, ag cinnti\u00fa tr\u00e9dhearcachta maidir le f\u00f3gra\u00ed polaiti\u00fala ar l\u00edne a ceanna\u00edodh le rith i rith tr\u00e9imhse feachtais toghch\u00e1in n\u00f3 reifrinn;<\/li>\n\n\n\n<li>\u2022 freagracht as imscr\u00fad\u00fa agus monat\u00f3ireacht ar bhr\u00e9agaisn\u00e9is ar l\u00edne, m\u00edfhaisn\u00e9is ar l\u00edne agus iompra\u00edocht ionramh\u00e1lach n\u00f3 bhr\u00e9agach ar l\u00edne i rith tr\u00e9imhs\u00ed feachtais toghch\u00e1in, chomh maith le feidhmeanna chun iompra\u00edocht ionramh\u00e1lach n\u00f3 bhr\u00e9agach ar l\u00edne a sheachaint;<\/li>\n\n\n\n<li>\u2022 tuarasc\u00e1lacha ex post a ullmh\u00fa ar riar imeachta\u00ed toghch\u00e1in.<\/li>\n<\/ul>\n\n<p>Meastar go leathn\u00f3far an tsraith feidhmeanna a leagadh ar an gCoimisi\u00fan ar dt\u00fas de r\u00e9ir mar a fhorbra\u00edonn s\u00e9 a chuid acmhainn\u00ed agus saineolais.<\/p>\n","protected":false},"excerpt":{"rendered":"<p>23 Feabhra 2024 \u2013 Thug an Coimisi\u00fan Toghch\u00e1in, coimisi\u00fan neamhsple\u00e1ch toghch\u00e1in na h\u00c9ireann, f\u00f3gra inniu gur chl\u00e1raigh c\u00faig ph\u00e1irt\u00ed polait\u00edochta leis an gCoimisi\u00fan le bheith ina \u201cgComhlachta\u00ed Ceadaithe\u201d le haghaidh Reifrinn an 8 M\u00e1rta. Tugadh f\u00f3gra i dtaobh na gComhlachta\u00ed Ceadaithe sin do Cheann Comhraimh an Reifrinn mar a leagtar amach san Acht um Athch\u00f3iri\u00fa &hellip; <a href=\"https:\/\/www.electoralcommission.ie\/ga\/nuacht-is-deanai-agus-taighde\/deimhnitear-pairtithe-mar-chomhlachtai-ceadaithe-le-haghaidh-reifrinn-an-8-marta\/\">Continued<\/a><\/p>\n","protected":false},"author":5,"featured_media":9111,"comment_status":"open","ping_status":"open","sticky":false,"template":"","format":"standard","meta":{"_acf_changed":false,"_relevanssi_hide_post":"","_relevanssi_hide_content":"","_relevanssi_pin_for_all":"","_relevanssi_pin_keywords":"","_relevanssi_unpin_keywords":"","_relevanssi_related_keywords":"","_relevanssi_related_include_ids":"","_relevanssi_related_exclude_ids":"","_relevanssi_related_no_append":"","_relevanssi_related_not_related":"","_relevanssi_related_posts":"","_relevanssi_noindex_reason":"","_uag_custom_page_level_css":"","footnotes":""},"categories":[42,34],"tags":[],"class_list":["post-7827","post","type-post","status-publish","format-standard","has-post-thumbnail","hentry","category-eisiuinti-mean","category-nuacht-is-deanai-agus-taighde"],"acf":[],"yoast_head":"<!-- This site is optimized with the Yoast SEO plugin v27.5 - https:\/\/yoast.com\/product\/yoast-seo-wordpress\/ -->\n<title>Deimhn\u00edtear P\u00e1irtithe mar \u201cChomhlachta\u00ed Ceadaithe\u201d le haghaidh Reifrinn an 8 M\u00e1rta - Coimisi\u00fan Toghch\u00e1in<\/title>\n<meta name=\"robots\" content=\"index, follow, max-snippet:-1, max-image-preview:large, max-video-preview:-1\" \/>\n<link rel=\"canonical\" href=\"https:\/\/www.electoralcommission.ie\/ga\/nuacht-is-deanai-agus-taighde\/deimhnitear-pairtithe-mar-chomhlachtai-ceadaithe-le-haghaidh-reifrinn-an-8-marta\/\" \/>\n<meta property=\"og:locale\" content=\"ga_IE\" \/>\n<meta property=\"og:type\" content=\"article\" \/>\n<meta property=\"og:title\" content=\"Deimhn\u00edtear P\u00e1irtithe mar \u201cChomhlachta\u00ed Ceadaithe\u201d le haghaidh Reifrinn an 8 M\u00e1rta - Coimisi\u00fan Toghch\u00e1in\" \/>\n<meta property=\"og:description\" content=\"23 Feabhra 2024 \u2013 Thug an Coimisi\u00fan Toghch\u00e1in, coimisi\u00fan neamhsple\u00e1ch toghch\u00e1in na h\u00c9ireann, f\u00f3gra inniu gur chl\u00e1raigh c\u00faig ph\u00e1irt\u00ed polait\u00edochta leis an gCoimisi\u00fan le bheith ina \u201cgComhlachta\u00ed Ceadaithe\u201d le haghaidh Reifrinn an 8 M\u00e1rta. Tugadh f\u00f3gra i dtaobh na gComhlachta\u00ed Ceadaithe sin do Cheann Comhraimh an Reifrinn mar a leagtar amach san Acht um Athch\u00f3iri\u00fa &hellip; Continued\" \/>\n<meta property=\"og:url\" content=\"https:\/\/www.electoralcommission.ie\/ga\/nuacht-is-deanai-agus-taighde\/deimhnitear-pairtithe-mar-chomhlachtai-ceadaithe-le-haghaidh-reifrinn-an-8-marta\/\" \/>\n<meta property=\"og:site_name\" content=\"Coimisi\u00fan Toghch\u00e1in\" \/>\n<meta property=\"article:published_time\" content=\"2024-02-23T14:35:39+00:00\" \/>\n<meta property=\"article:modified_time\" content=\"2024-05-10T14:40:20+00:00\" \/>\n<meta property=\"og:image\" content=\"https:\/\/cdn.electoralcommission.ie\/app\/uploads\/2024\/04\/26153345\/An-Coimisiu%CC%81n-Toghcha%CC%81in-267-scaled.jpg\" \/>\n\t<meta property=\"og:image:width\" content=\"2560\" \/>\n\t<meta property=\"og:image:height\" content=\"1707\" \/>\n\t<meta property=\"og:image:type\" content=\"image\/jpeg\" \/>\n<meta name=\"author\" content=\"Brian Dawson\" \/>\n<meta name=\"twitter:card\" content=\"summary_large_image\" \/>\n<meta name=\"twitter:label1\" content=\"Written by\" \/>\n\t<meta name=\"twitter:data1\" content=\"Brian Dawson\" \/>\n\t<meta name=\"twitter:label2\" content=\"Est. reading time\" \/>\n\t<meta name=\"twitter:data2\" content=\"3 minutes\" \/>\n<script type=\"application\/ld+json\" class=\"yoast-schema-graph\">{\"@context\":\"https:\\\/\\\/schema.org\",\"@graph\":[{\"@type\":\"Article\",\"@id\":\"https:\\\/\\\/www.electoralcommission.ie\\\/ga\\\/nuacht-is-deanai-agus-taighde\\\/deimhnitear-pairtithe-mar-chomhlachtai-ceadaithe-le-haghaidh-reifrinn-an-8-marta\\\/#article\",\"isPartOf\":{\"@id\":\"https:\\\/\\\/www.electoralcommission.ie\\\/ga\\\/nuacht-is-deanai-agus-taighde\\\/deimhnitear-pairtithe-mar-chomhlachtai-ceadaithe-le-haghaidh-reifrinn-an-8-marta\\\/\"},\"author\":{\"name\":\"Brian Dawson\",\"@id\":\"https:\\\/\\\/www.electoralcommission.ie\\\/ga\\\/#\\\/schema\\\/person\\\/87dd0dd1069bc35d068fb6752ecdf5e4\"},\"headline\":\"Deimhn\u00edtear P\u00e1irtithe mar \u201cChomhlachta\u00ed Ceadaithe\u201d le haghaidh Reifrinn an 8 M\u00e1rta\",\"datePublished\":\"2024-02-23T14:35:39+00:00\",\"dateModified\":\"2024-05-10T14:40:20+00:00\",\"mainEntityOfPage\":{\"@id\":\"https:\\\/\\\/www.electoralcommission.ie\\\/ga\\\/nuacht-is-deanai-agus-taighde\\\/deimhnitear-pairtithe-mar-chomhlachtai-ceadaithe-le-haghaidh-reifrinn-an-8-marta\\\/\"},\"wordCount\":703,\"commentCount\":0,\"image\":{\"@id\":\"https:\\\/\\\/www.electoralcommission.ie\\\/ga\\\/nuacht-is-deanai-agus-taighde\\\/deimhnitear-pairtithe-mar-chomhlachtai-ceadaithe-le-haghaidh-reifrinn-an-8-marta\\\/#primaryimage\"},\"thumbnailUrl\":\"https:\\\/\\\/www.electoralcommission.ie\\\/app\\\/uploads\\\/2024\\\/04\\\/An-Coimisiu\u0301n-Toghcha\u0301in-267-scaled.jpg\",\"articleSection\":[\"Eisi\u00faint\u00ed Me\u00e1n\",\"Nuacht is D\u00e9ana\u00ed agus Taighde\"],\"inLanguage\":\"ga-IE\",\"potentialAction\":[{\"@type\":\"CommentAction\",\"name\":\"Comment\",\"target\":[\"https:\\\/\\\/www.electoralcommission.ie\\\/ga\\\/nuacht-is-deanai-agus-taighde\\\/deimhnitear-pairtithe-mar-chomhlachtai-ceadaithe-le-haghaidh-reifrinn-an-8-marta\\\/#respond\"]}]},{\"@type\":\"WebPage\",\"@id\":\"https:\\\/\\\/www.electoralcommission.ie\\\/ga\\\/nuacht-is-deanai-agus-taighde\\\/deimhnitear-pairtithe-mar-chomhlachtai-ceadaithe-le-haghaidh-reifrinn-an-8-marta\\\/\",\"url\":\"https:\\\/\\\/www.electoralcommission.ie\\\/ga\\\/nuacht-is-deanai-agus-taighde\\\/deimhnitear-pairtithe-mar-chomhlachtai-ceadaithe-le-haghaidh-reifrinn-an-8-marta\\\/\",\"name\":\"Deimhn\u00edtear P\u00e1irtithe mar \u201cChomhlachta\u00ed Ceadaithe\u201d le haghaidh Reifrinn an 8 M\u00e1rta - Coimisi\u00fan Toghch\u00e1in\",\"isPartOf\":{\"@id\":\"https:\\\/\\\/www.electoralcommission.ie\\\/ga\\\/#website\"},\"primaryImageOfPage\":{\"@id\":\"https:\\\/\\\/www.electoralcommission.ie\\\/ga\\\/nuacht-is-deanai-agus-taighde\\\/deimhnitear-pairtithe-mar-chomhlachtai-ceadaithe-le-haghaidh-reifrinn-an-8-marta\\\/#primaryimage\"},\"image\":{\"@id\":\"https:\\\/\\\/www.electoralcommission.ie\\\/ga\\\/nuacht-is-deanai-agus-taighde\\\/deimhnitear-pairtithe-mar-chomhlachtai-ceadaithe-le-haghaidh-reifrinn-an-8-marta\\\/#primaryimage\"},\"thumbnailUrl\":\"https:\\\/\\\/www.electoralcommission.ie\\\/app\\\/uploads\\\/2024\\\/04\\\/An-Coimisiu\u0301n-Toghcha\u0301in-267-scaled.jpg\",\"datePublished\":\"2024-02-23T14:35:39+00:00\",\"dateModified\":\"2024-05-10T14:40:20+00:00\",\"author\":{\"@id\":\"https:\\\/\\\/www.electoralcommission.ie\\\/ga\\\/#\\\/schema\\\/person\\\/87dd0dd1069bc35d068fb6752ecdf5e4\"},\"breadcrumb\":{\"@id\":\"https:\\\/\\\/www.electoralcommission.ie\\\/ga\\\/nuacht-is-deanai-agus-taighde\\\/deimhnitear-pairtithe-mar-chomhlachtai-ceadaithe-le-haghaidh-reifrinn-an-8-marta\\\/#breadcrumb\"},\"inLanguage\":\"ga-IE\",\"potentialAction\":[{\"@type\":\"ReadAction\",\"target\":[\"https:\\\/\\\/www.electoralcommission.ie\\\/ga\\\/nuacht-is-deanai-agus-taighde\\\/deimhnitear-pairtithe-mar-chomhlachtai-ceadaithe-le-haghaidh-reifrinn-an-8-marta\\\/\"]}]},{\"@type\":\"ImageObject\",\"inLanguage\":\"ga-IE\",\"@id\":\"https:\\\/\\\/www.electoralcommission.ie\\\/ga\\\/nuacht-is-deanai-agus-taighde\\\/deimhnitear-pairtithe-mar-chomhlachtai-ceadaithe-le-haghaidh-reifrinn-an-8-marta\\\/#primaryimage\",\"url\":\"https:\\\/\\\/www.electoralcommission.ie\\\/app\\\/uploads\\\/2024\\\/04\\\/An-Coimisiu\u0301n-Toghcha\u0301in-267-scaled.jpg\",\"contentUrl\":\"https:\\\/\\\/www.electoralcommission.ie\\\/app\\\/uploads\\\/2024\\\/04\\\/An-Coimisiu\u0301n-Toghcha\u0301in-267-scaled.jpg\",\"width\":2560,\"height\":1707,\"caption\":\"Image of polling station directional signage\"},{\"@type\":\"BreadcrumbList\",\"@id\":\"https:\\\/\\\/www.electoralcommission.ie\\\/ga\\\/nuacht-is-deanai-agus-taighde\\\/deimhnitear-pairtithe-mar-chomhlachtai-ceadaithe-le-haghaidh-reifrinn-an-8-marta\\\/#breadcrumb\",\"itemListElement\":[{\"@type\":\"ListItem\",\"position\":1,\"name\":\"Baile\",\"item\":\"https:\\\/\\\/www.electoralcommission.ie\\\/ga\\\/\"},{\"@type\":\"ListItem\",\"position\":2,\"name\":\"Deimhn\u00edtear P\u00e1irtithe mar \u201cChomhlachta\u00ed Ceadaithe\u201d le haghaidh Reifrinn an 8 M\u00e1rta\"}]},{\"@type\":\"WebSite\",\"@id\":\"https:\\\/\\\/www.electoralcommission.ie\\\/ga\\\/#website\",\"url\":\"https:\\\/\\\/www.electoralcommission.ie\\\/ga\\\/\",\"name\":\"Coimisi\u00fan Toghch\u00e1in\",\"description\":\"Ireland&#039;s Statutory, Independent Electoral Commission\",\"potentialAction\":[{\"@type\":\"SearchAction\",\"target\":{\"@type\":\"EntryPoint\",\"urlTemplate\":\"https:\\\/\\\/www.electoralcommission.ie\\\/ga\\\/?s={search_term_string}\"},\"query-input\":{\"@type\":\"PropertyValueSpecification\",\"valueRequired\":true,\"valueName\":\"search_term_string\"}}],\"inLanguage\":\"ga-IE\"},{\"@type\":\"Person\",\"@id\":\"https:\\\/\\\/www.electoralcommission.ie\\\/ga\\\/#\\\/schema\\\/person\\\/87dd0dd1069bc35d068fb6752ecdf5e4\",\"name\":\"Brian Dawson\",\"image\":{\"@type\":\"ImageObject\",\"inLanguage\":\"ga-IE\",\"@id\":\"https:\\\/\\\/secure.gravatar.com\\\/avatar\\\/6cf970487a8492de6dcb5ca7f1bde86c5d886b9f458fe26e0259b7c4aece9f2a?s=96&d=mm&r=g\",\"url\":\"https:\\\/\\\/secure.gravatar.com\\\/avatar\\\/6cf970487a8492de6dcb5ca7f1bde86c5d886b9f458fe26e0259b7c4aece9f2a?s=96&d=mm&r=g\",\"contentUrl\":\"https:\\\/\\\/secure.gravatar.com\\\/avatar\\\/6cf970487a8492de6dcb5ca7f1bde86c5d886b9f458fe26e0259b7c4aece9f2a?s=96&d=mm&r=g\",\"caption\":\"Brian Dawson\"}}]}<\/script>\n<!-- \/ Yoast SEO plugin. -->","yoast_head_json":{"title":"Deimhn\u00edtear P\u00e1irtithe mar \u201cChomhlachta\u00ed Ceadaithe\u201d le haghaidh Reifrinn an 8 M\u00e1rta - Coimisi\u00fan Toghch\u00e1in","robots":{"index":"index","follow":"follow","max-snippet":"max-snippet:-1","max-image-preview":"max-image-preview:large","max-video-preview":"max-video-preview:-1"},"canonical":"https:\/\/www.electoralcommission.ie\/ga\/nuacht-is-deanai-agus-taighde\/deimhnitear-pairtithe-mar-chomhlachtai-ceadaithe-le-haghaidh-reifrinn-an-8-marta\/","og_locale":"ga_IE","og_type":"article","og_title":"Deimhn\u00edtear P\u00e1irtithe mar \u201cChomhlachta\u00ed Ceadaithe\u201d le haghaidh Reifrinn an 8 M\u00e1rta - Coimisi\u00fan Toghch\u00e1in","og_description":"23 Feabhra 2024 \u2013 Thug an Coimisi\u00fan Toghch\u00e1in, coimisi\u00fan neamhsple\u00e1ch toghch\u00e1in na h\u00c9ireann, f\u00f3gra inniu gur chl\u00e1raigh c\u00faig ph\u00e1irt\u00ed polait\u00edochta leis an gCoimisi\u00fan le bheith ina \u201cgComhlachta\u00ed Ceadaithe\u201d le haghaidh Reifrinn an 8 M\u00e1rta. Tugadh f\u00f3gra i dtaobh na gComhlachta\u00ed Ceadaithe sin do Cheann Comhraimh an Reifrinn mar a leagtar amach san Acht um Athch\u00f3iri\u00fa &hellip; Continued","og_url":"https:\/\/www.electoralcommission.ie\/ga\/nuacht-is-deanai-agus-taighde\/deimhnitear-pairtithe-mar-chomhlachtai-ceadaithe-le-haghaidh-reifrinn-an-8-marta\/","og_site_name":"Coimisi\u00fan Toghch\u00e1in","article_published_time":"2024-02-23T14:35:39+00:00","article_modified_time":"2024-05-10T14:40:20+00:00","og_image":[{"width":2560,"height":1707,"url":"https:\/\/cdn.electoralcommission.ie\/app\/uploads\/2024\/04\/26153345\/An-Coimisiu%CC%81n-Toghcha%CC%81in-267-scaled.jpg","type":"image\/jpeg"}],"author":"Brian Dawson","twitter_card":"summary_large_image","twitter_misc":{"Written by":"Brian Dawson","Est. reading time":"3 minutes"},"schema":{"@context":"https:\/\/schema.org","@graph":[{"@type":"Article","@id":"https:\/\/www.electoralcommission.ie\/ga\/nuacht-is-deanai-agus-taighde\/deimhnitear-pairtithe-mar-chomhlachtai-ceadaithe-le-haghaidh-reifrinn-an-8-marta\/#article","isPartOf":{"@id":"https:\/\/www.electoralcommission.ie\/ga\/nuacht-is-deanai-agus-taighde\/deimhnitear-pairtithe-mar-chomhlachtai-ceadaithe-le-haghaidh-reifrinn-an-8-marta\/"},"author":{"name":"Brian Dawson","@id":"https:\/\/www.electoralcommission.ie\/ga\/#\/schema\/person\/87dd0dd1069bc35d068fb6752ecdf5e4"},"headline":"Deimhn\u00edtear P\u00e1irtithe mar \u201cChomhlachta\u00ed Ceadaithe\u201d le haghaidh Reifrinn an 8 M\u00e1rta","datePublished":"2024-02-23T14:35:39+00:00","dateModified":"2024-05-10T14:40:20+00:00","mainEntityOfPage":{"@id":"https:\/\/www.electoralcommission.ie\/ga\/nuacht-is-deanai-agus-taighde\/deimhnitear-pairtithe-mar-chomhlachtai-ceadaithe-le-haghaidh-reifrinn-an-8-marta\/"},"wordCount":703,"commentCount":0,"image":{"@id":"https:\/\/www.electoralcommission.ie\/ga\/nuacht-is-deanai-agus-taighde\/deimhnitear-pairtithe-mar-chomhlachtai-ceadaithe-le-haghaidh-reifrinn-an-8-marta\/#primaryimage"},"thumbnailUrl":"https:\/\/www.electoralcommission.ie\/app\/uploads\/2024\/04\/An-Coimisiu\u0301n-Toghcha\u0301in-267-scaled.jpg","articleSection":["Eisi\u00faint\u00ed Me\u00e1n","Nuacht is D\u00e9ana\u00ed agus Taighde"],"inLanguage":"ga-IE","potentialAction":[{"@type":"CommentAction","name":"Comment","target":["https:\/\/www.electoralcommission.ie\/ga\/nuacht-is-deanai-agus-taighde\/deimhnitear-pairtithe-mar-chomhlachtai-ceadaithe-le-haghaidh-reifrinn-an-8-marta\/#respond"]}]},{"@type":"WebPage","@id":"https:\/\/www.electoralcommission.ie\/ga\/nuacht-is-deanai-agus-taighde\/deimhnitear-pairtithe-mar-chomhlachtai-ceadaithe-le-haghaidh-reifrinn-an-8-marta\/","url":"https:\/\/www.electoralcommission.ie\/ga\/nuacht-is-deanai-agus-taighde\/deimhnitear-pairtithe-mar-chomhlachtai-ceadaithe-le-haghaidh-reifrinn-an-8-marta\/","name":"Deimhn\u00edtear P\u00e1irtithe mar \u201cChomhlachta\u00ed Ceadaithe\u201d le haghaidh Reifrinn an 8 M\u00e1rta - Coimisi\u00fan Toghch\u00e1in","isPartOf":{"@id":"https:\/\/www.electoralcommission.ie\/ga\/#website"},"primaryImageOfPage":{"@id":"https:\/\/www.electoralcommission.ie\/ga\/nuacht-is-deanai-agus-taighde\/deimhnitear-pairtithe-mar-chomhlachtai-ceadaithe-le-haghaidh-reifrinn-an-8-marta\/#primaryimage"},"image":{"@id":"https:\/\/www.electoralcommission.ie\/ga\/nuacht-is-deanai-agus-taighde\/deimhnitear-pairtithe-mar-chomhlachtai-ceadaithe-le-haghaidh-reifrinn-an-8-marta\/#primaryimage"},"thumbnailUrl":"https:\/\/www.electoralcommission.ie\/app\/uploads\/2024\/04\/An-Coimisiu\u0301n-Toghcha\u0301in-267-scaled.jpg","datePublished":"2024-02-23T14:35:39+00:00","dateModified":"2024-05-10T14:40:20+00:00","author":{"@id":"https:\/\/www.electoralcommission.ie\/ga\/#\/schema\/person\/87dd0dd1069bc35d068fb6752ecdf5e4"},"breadcrumb":{"@id":"https:\/\/www.electoralcommission.ie\/ga\/nuacht-is-deanai-agus-taighde\/deimhnitear-pairtithe-mar-chomhlachtai-ceadaithe-le-haghaidh-reifrinn-an-8-marta\/#breadcrumb"},"inLanguage":"ga-IE","potentialAction":[{"@type":"ReadAction","target":["https:\/\/www.electoralcommission.ie\/ga\/nuacht-is-deanai-agus-taighde\/deimhnitear-pairtithe-mar-chomhlachtai-ceadaithe-le-haghaidh-reifrinn-an-8-marta\/"]}]},{"@type":"ImageObject","inLanguage":"ga-IE","@id":"https:\/\/www.electoralcommission.ie\/ga\/nuacht-is-deanai-agus-taighde\/deimhnitear-pairtithe-mar-chomhlachtai-ceadaithe-le-haghaidh-reifrinn-an-8-marta\/#primaryimage","url":"https:\/\/www.electoralcommission.ie\/app\/uploads\/2024\/04\/An-Coimisiu\u0301n-Toghcha\u0301in-267-scaled.jpg","contentUrl":"https:\/\/www.electoralcommission.ie\/app\/uploads\/2024\/04\/An-Coimisiu\u0301n-Toghcha\u0301in-267-scaled.jpg","width":2560,"height":1707,"caption":"Image of polling station directional signage"},{"@type":"BreadcrumbList","@id":"https:\/\/www.electoralcommission.ie\/ga\/nuacht-is-deanai-agus-taighde\/deimhnitear-pairtithe-mar-chomhlachtai-ceadaithe-le-haghaidh-reifrinn-an-8-marta\/#breadcrumb","itemListElement":[{"@type":"ListItem","position":1,"name":"Baile","item":"https:\/\/www.electoralcommission.ie\/ga\/"},{"@type":"ListItem","position":2,"name":"Deimhn\u00edtear P\u00e1irtithe mar \u201cChomhlachta\u00ed Ceadaithe\u201d le haghaidh Reifrinn an 8 M\u00e1rta"}]},{"@type":"WebSite","@id":"https:\/\/www.electoralcommission.ie\/ga\/#website","url":"https:\/\/www.electoralcommission.ie\/ga\/","name":"Coimisi\u00fan Toghch\u00e1in","description":"Ireland&#039;s Statutory, Independent Electoral Commission","potentialAction":[{"@type":"SearchAction","target":{"@type":"EntryPoint","urlTemplate":"https:\/\/www.electoralcommission.ie\/ga\/?s={search_term_string}"},"query-input":{"@type":"PropertyValueSpecification","valueRequired":true,"valueName":"search_term_string"}}],"inLanguage":"ga-IE"},{"@type":"Person","@id":"https:\/\/www.electoralcommission.ie\/ga\/#\/schema\/person\/87dd0dd1069bc35d068fb6752ecdf5e4","name":"Brian Dawson","image":{"@type":"ImageObject","inLanguage":"ga-IE","@id":"https:\/\/secure.gravatar.com\/avatar\/6cf970487a8492de6dcb5ca7f1bde86c5d886b9f458fe26e0259b7c4aece9f2a?s=96&d=mm&r=g","url":"https:\/\/secure.gravatar.com\/avatar\/6cf970487a8492de6dcb5ca7f1bde86c5d886b9f458fe26e0259b7c4aece9f2a?s=96&d=mm&r=g","contentUrl":"https:\/\/secure.gravatar.com\/avatar\/6cf970487a8492de6dcb5ca7f1bde86c5d886b9f458fe26e0259b7c4aece9f2a?s=96&d=mm&r=g","caption":"Brian Dawson"}}]}},"uagb_featured_image_src":{"full":["https:\/\/www.electoralcommission.ie\/app\/uploads\/2024\/04\/An-Coimisiu\u0301n-Toghcha\u0301in-267-scaled.jpg",2560,1707,false],"thumbnail":["https:\/\/www.electoralcommission.ie\/app\/uploads\/2024\/04\/An-Coimisiu\u0301n-Toghcha\u0301in-267-355x210.jpg",355,210,true],"medium":["https:\/\/www.electoralcommission.ie\/app\/uploads\/2024\/04\/An-Coimisiu\u0301n-Toghcha\u0301in-267-300x200.jpg",300,200,true],"medium_large":["https:\/\/www.electoralcommission.ie\/app\/uploads\/2024\/04\/An-Coimisiu\u0301n-Toghcha\u0301in-267-768x512.jpg",768,512,true],"large":["https:\/\/www.electoralcommission.ie\/app\/uploads\/2024\/04\/An-Coimisiu\u0301n-Toghcha\u0301in-267-1024x683.jpg",1024,683,true],"1536x1536":["https:\/\/www.electoralcommission.ie\/app\/uploads\/2024\/04\/An-Coimisiu\u0301n-Toghcha\u0301in-267-1536x1024.jpg",1536,1024,true],"2048x2048":["https:\/\/www.electoralcommission.ie\/app\/uploads\/2024\/04\/An-Coimisiu\u0301n-Toghcha\u0301in-267-2048x1365.jpg",2048,1365,true],"gform-image-choice-sm":["https:\/\/www.electoralcommission.ie\/app\/uploads\/2024\/04\/An-Coimisiu\u0301n-Toghcha\u0301in-267-scaled.jpg",300,200,false],"gform-image-choice-md":["https:\/\/www.electoralcommission.ie\/app\/uploads\/2024\/04\/An-Coimisiu\u0301n-Toghcha\u0301in-267-scaled.jpg",400,267,false],"gform-image-choice-lg":["https:\/\/www.electoralcommission.ie\/app\/uploads\/2024\/04\/An-Coimisiu\u0301n-Toghcha\u0301in-267-scaled.jpg",600,400,false]},"uagb_author_info":{"display_name":"Brian Dawson","author_link":"https:\/\/www.electoralcommission.ie\/ga\/author\/brian-dawson\/"},"uagb_comment_info":0,"uagb_excerpt":"23 Feabhra 2024 \u2013 Thug an Coimisi\u00fan Toghch\u00e1in, coimisi\u00fan neamhsple\u00e1ch toghch\u00e1in na h\u00c9ireann, f\u00f3gra inniu gur chl\u00e1raigh c\u00faig ph\u00e1irt\u00ed polait\u00edochta leis an gCoimisi\u00fan le bheith ina \u201cgComhlachta\u00ed Ceadaithe\u201d le haghaidh Reifrinn an 8 M\u00e1rta. Tugadh f\u00f3gra i dtaobh na gComhlachta\u00ed Ceadaithe sin do Cheann Comhraimh an Reifrinn mar a leagtar amach san Acht um Athch\u00f3iri\u00fa&hellip;","_links":{"self":[{"href":"https:\/\/www.electoralcommission.ie\/ga\/wp-json\/wp\/v2\/posts\/7827","targetHints":{"allow":["GET"]}}],"collection":[{"href":"https:\/\/www.electoralcommission.ie\/ga\/wp-json\/wp\/v2\/posts"}],"about":[{"href":"https:\/\/www.electoralcommission.ie\/ga\/wp-json\/wp\/v2\/types\/post"}],"author":[{"embeddable":true,"href":"https:\/\/www.electoralcommission.ie\/ga\/wp-json\/wp\/v2\/users\/5"}],"replies":[{"embeddable":true,"href":"https:\/\/www.electoralcommission.ie\/ga\/wp-json\/wp\/v2\/comments?post=7827"}],"version-history":[{"count":1,"href":"https:\/\/www.electoralcommission.ie\/ga\/wp-json\/wp\/v2\/posts\/7827\/revisions"}],"predecessor-version":[{"id":7828,"href":"https:\/\/www.electoralcommission.ie\/ga\/wp-json\/wp\/v2\/posts\/7827\/revisions\/7828"}],"wp:featuredmedia":[{"embeddable":true,"href":"https:\/\/www.electoralcommission.ie\/ga\/wp-json\/wp\/v2\/media\/9111"}],"wp:attachment":[{"href":"https:\/\/www.electoralcommission.ie\/ga\/wp-json\/wp\/v2\/media?parent=7827"}],"wp:term":[{"taxonomy":"category","embeddable":true,"href":"https:\/\/www.electoralcommission.ie\/ga\/wp-json\/wp\/v2\/categories?post=7827"},{"taxonomy":"post_tag","embeddable":true,"href":"https:\/\/www.electoralcommission.ie\/ga\/wp-json\/wp\/v2\/tags?post=7827"}],"curies":[{"name":"wp","href":"https:\/\/api.w.org\/{rel}","templated":true}]}}